{"id":1658,"date":"2020-01-28T10:53:50","date_gmt":"2020-01-28T09:53:50","guid":{"rendered":"http:\/\/www.eurofue.articagency.eu\/?p=1538"},"modified":"2020-07-16T14:10:53","modified_gmt":"2020-07-16T12:10:53","slug":"la-va-ser-uji-participa-com-a-linked-party-en-el-projecte-h2020-ethna-system-coordinat-per-la-uji","status":"publish","type":"post","link":"https:\/\/eurofue.com\/ca\/la-fue-uji-participa-como-linked-party-en-el-proyecto-h2020-ethna-system-coordinado-por-la-uji\/","title":{"rendered":"La FUE-UJI participa com a linked party al projecte H2020 ETHNA SYSTEM coordinat per l&#039;UJI"},"content":{"rendered":"<p>El projecte <strong>ETHNA SYSTEM<\/strong>, emmarcat al programa Horitz\u00f3 2020, t\u00e9 com a objectiu implementar, durant els propers 3 anys, un sistema de govern \u00e8tic que promogui bones pr\u00e0ctiques en recerca i innovaci\u00f3 responsables (Responsible Research and Innovation) a centres d&#039;educaci\u00f3 superiors, centres de recerca i entitats que financin investigaci\u00f3. Per aix\u00f2, el projecte europeu compta amb un consorci format per <strong>10 entitats<\/strong> de 8 pa\u00efsos diferents, entre els quals hi ha la Universitat Jaume I de Castell\u00f3 (UJI), com a coordinadora del projecte, i la FUE-UJI, que donar\u00e0 el seu suport a l&#039;UJI com a entitat associada.<\/p>\r\n\r\n\r\n\r\n\r\n\r\n\r\n\r\n<p>A m\u00e9s de l&#039;UJI, el consorci el formen <em>Norwegian University of Science and Technology<\/em> (Noruega), <em>European Network of Research Ethics Comittes<\/em> (Alemanya), BIOCOM (Alemanya), <em>Zentrum f\u00fcr Soziale Innovation<\/em> (\u00c0ustria), <em>Danish Board of Technology Foundation<\/em> (Dinamarca), <em>Applied Research and Communication<\/em> (Bulg\u00e0ria), <em>Arximedes Foundation<\/em> (Est\u00f2nia), UNINOVA (Portugal) i FECYT (Espanya). D&#039;entre totes les entitats s\u00f2cies, el projecte H2020 ETHNA SYSTEM posar\u00e0 en marxa com a pilot, <strong>6 Oficines ETHNA<\/strong> a les estructures de gesti\u00f3 de 6 de les organitzacions s\u00f2cies, una d&#039;elles l&#039;UJI.<\/p>\r\n<p><img fetchpriority=\"high\" decoding=\"async\" class=\"alignnone size-full wp-image-2461\" src=\"http:\/\/www.eurofue.articagency.eu\/wp-content\/uploads\/2020\/01\/ENwqU9aX0AAxeKV-scaled.jpg\" alt=\"\" width=\"2560\" height=\"1707\" srcset=\"https:\/\/eurofue.com\/wp-content\/uploads\/2020\/01\/ENwqU9aX0AAxeKV-scaled.jpg 2560w, https:\/\/eurofue.com\/wp-content\/uploads\/2020\/01\/ENwqU9aX0AAxeKV-300x200.jpg 300w, https:\/\/eurofue.com\/wp-content\/uploads\/2020\/01\/ENwqU9aX0AAxeKV-1024x683.jpg 1024w, https:\/\/eurofue.com\/wp-content\/uploads\/2020\/01\/ENwqU9aX0AAxeKV-768x512.jpg 768w, https:\/\/eurofue.com\/wp-content\/uploads\/2020\/01\/ENwqU9aX0AAxeKV-1536x1024.jpg 1536w, https:\/\/eurofue.com\/wp-content\/uploads\/2020\/01\/ENwqU9aX0AAxeKV-2048x1365.jpg 2048w, https:\/\/eurofue.com\/wp-content\/uploads\/2020\/01\/ENwqU9aX0AAxeKV-1080x720.jpg 1080w, https:\/\/eurofue.com\/wp-content\/uploads\/2020\/01\/ENwqU9aX0AAxeKV-1280x854.jpg 1280w, https:\/\/eurofue.com\/wp-content\/uploads\/2020\/01\/ENwqU9aX0AAxeKV-980x653.jpg 980w, https:\/\/eurofue.com\/wp-content\/uploads\/2020\/01\/ENwqU9aX0AAxeKV-480x320.jpg 480w\" sizes=\"(max-width: 2560px) 100vw, 2560px\" \/><\/p>\r\n\r\n\r\n\r\n<p>En aquestes Oficines ETHNA es treballar\u00e0 sobre 4 eines, el codi \u00e8tic, el comit\u00e8 \u00e8tic, la l\u00ednia \u00e8tica d&#039;alertes i suggeriments i indicadors informatius sobre el compliment de les <strong>RRI<\/strong>. Tot aix\u00f2 per promoure la investigaci\u00f3 des de la <strong>integritat<\/strong>, la <strong>igualtat <\/strong>de g\u00e8nere, la <strong>ci\u00e8ncia oberta<\/strong> i el <strong>comprom\u00eds ciutad\u00e0<\/strong>.\u00a0<\/p>\r\n\r\n\r\n\r\n<p>Els grups d&#039;investigadors de l&#039;UJI <strong>\u00c8tica Pr\u00e0ctica i Democr\u00e0cia i Dret, G\u00e8nere i Igualtat Efectiva de Dones i Homes<\/strong> s\u00f3n els que portaran a terme aquest projecte a la Universitat Jaume I de Castell\u00f3. La<strong> Fundaci\u00f3 Unversitat Jaume I-Empresa<\/strong> participar\u00e0 en aquest projecte donant suport a l&#039;UJI a les activitats de comunicaci\u00f3, difusi\u00f3 i organitzaci\u00f3 d&#039;esdeveniments durant la implementaci\u00f3 d&#039;ETHNA SYSTEM.<\/p>\r\n\r\n\r\n\r\n<p>Els propers dies <strong>30 i 31 de gener<\/strong> el projecte far\u00e0 els primers passos a Castell\u00f3 amb la celebraci\u00f3 de la<strong> reuni\u00f3 inicial <\/strong>dels socis del projecte. Un representant de cadascuna de les entitats del consorci es despla\u00e7ar\u00e0 fins a l&#039;UJI per assistir a aquesta reuni\u00f3 de coordinaci\u00f3, en qu\u00e8 tamb\u00e9 participar\u00e0 la FUE-UJI.<\/p>","protected":false},"excerpt":{"rendered":"<p>El proyecto ETHNA SYSTEM, enmarcado en el programa Horizonte 2020, tiene como objetivo implementar, durante los pr\u00f3ximos 3 a\u00f1os, un sistema de gobierno \u00e9tico que promueva buenas pr\u00e1cticas en investigaci\u00f3n e innovaci\u00f3n responsables (Responsible Research and Innovation) en centros de educaci\u00f3n superiores, centros de investigaci\u00f3n y entidades que financien investigaci\u00f3n. Para ello, el proyecto europeo [&hellip;]<\/p>\n","protected":false},"author":2,"featured_media":2459,"comment_status":"closed","ping_status":"closed","sticky":false,"template":"","format":"standard","meta":{"_monsterinsights_skip_tracking":false,"_monsterinsights_sitenote_active":false,"_monsterinsights_sitenote_note":"","_monsterinsights_sitenote_category":0,"_bluesky_dont_syndicate":"","_bluesky_syndication_accounts":"","_bluesky_syndication_text":"","footnotes":""},"categories":[1],"tags":[],"class_list":["post-1658","post","type-post","status-publish","format-standard","has-post-thumbnail","hentry","category-sin-categorizar"],"_links":{"self":[{"href":"https:\/\/eurofue.com\/ca\/wp-json\/wp\/v2\/posts\/1658","targetHints":{"allow":["GET"]}}],"collection":[{"href":"https:\/\/eurofue.com\/ca\/wp-json\/wp\/v2\/posts"}],"about":[{"href":"https:\/\/eurofue.com\/ca\/wp-json\/wp\/v2\/types\/post"}],"author":[{"embeddable":true,"href":"https:\/\/eurofue.com\/ca\/wp-json\/wp\/v2\/users\/2"}],"replies":[{"embeddable":true,"href":"https:\/\/eurofue.com\/ca\/wp-json\/wp\/v2\/comments?post=1658"}],"version-history":[{"count":0,"href":"https:\/\/eurofue.com\/ca\/wp-json\/wp\/v2\/posts\/1658\/revisions"}],"wp:featuredmedia":[{"embeddable":true,"href":"https:\/\/eurofue.com\/ca\/wp-json\/wp\/v2\/media\/2459"}],"wp:attachment":[{"href":"https:\/\/eurofue.com\/ca\/wp-json\/wp\/v2\/media?parent=1658"}],"wp:term":[{"taxonomy":"category","embeddable":true,"href":"https:\/\/eurofue.com\/ca\/wp-json\/wp\/v2\/categories?post=1658"},{"taxonomy":"post_tag","embeddable":true,"href":"https:\/\/eurofue.com\/ca\/wp-json\/wp\/v2\/tags?post=1658"}],"curies":[{"name":"wp","href":"https:\/\/api.w.org\/{rel}","templated":true}]}}