{"id":3883,"date":"2021-03-05T11:26:24","date_gmt":"2021-03-05T10:26:24","guid":{"rendered":"http:\/\/www.eurofue.articagency.eu\/?p=3883"},"modified":"2021-03-05T11:26:24","modified_gmt":"2021-03-05T10:26:24","slug":"finalitza-amb-gran-participacio-la-conferencia-de-llancament-del-programa-horitzo-europa","status":"publish","type":"post","link":"https:\/\/eurofue.com\/ca\/finaliza-con-gran-participacion-la-conferencia-de-lanzamiento-del-programa-horizonte-europa\/","title":{"rendered":"Finalitza amb gran participaci\u00f3 la Confer\u00e8ncia de Llan\u00e7ament del Programa Horitz\u00f3 Europa"},"content":{"rendered":"<p><span style=\"font-weight: 400;\">La <a href=\"http:\/\/www.eurofue.articagency.eu\/la-uji-acoge-la-conferencia-de-lanzamiento-del-programa-horizonte-europa-en-la-comunitat-valenciana\/\">Confer\u00e8ncia de Llan\u00e7ament del Programa <\/a><\/span><b>Horitz\u00f3 Europa<\/b><span style=\"font-weight: 400;\">, vinculada als actes de celebraci\u00f3 del <a href=\"http:\/\/www.uji.es\">30\u00e8 aniversari de l&#039;UJI<\/a>, ha finalitzat avui amb una sessi\u00f3 dedicada als desafiaments globals i competitivitat industrial europea, amb l&#039;assist\u00e8ncia en l\u00ednia de <strong>m\u00e9s de 570 participants<\/strong>. <\/span><span style=\"font-weight: 400;\">La trobada, organitzada en el marc de l&#039;Estrat\u00e8gia de la Generalitat Valenciana de coordinaci\u00f3 nacional i regional en R+D+i, pret\u00e9n incrementar i millorar la participaci\u00f3 de tots els agents de la Comunitat Valenciana al Programa <\/span><b>Horitz\u00f3 Europa.<\/b><\/p>\n<p><span style=\"font-weight: 400;\">Aquest esdeveniment \u00e9s una iniciativa de la Universitat Jaume I i l&#039;Institut Valenci\u00e0 de Competitivitat Empresarial (<a href=\"https:\/\/www.ivace.es\/index.php\/val\/\">IVACE<\/a>), juntament amb la Xarxa d&#039;Instituts Tecnol\u00f2gics de la Comunitat Valenciana (<a href=\"https:\/\/www.redit.es\/\">REDIT<\/a>) i la Xarxa Enterprise Europe Network per a les empreses de la Comunitat Valenciana i la Regi\u00f3 de M\u00farcia (<a href=\"https:\/\/www.seimed.eu\/\">EEN-SEIMED<\/a>). <\/span><span style=\"font-weight: 400;\">La segona sessi\u00f3 de la Confer\u00e8ncia ha estat inaugurada per <\/span><b>Jordi Sebasti\u00e0<\/b><span style=\"font-weight: 400;\">, director de relacions externes de l&#039;IVACE, i per <\/span><b>Gonzalo Belenguer<\/b><span style=\"font-weight: 400;\">, director general de REDIT.<\/span><\/p>\n<p><b>Sebasti\u00e0<\/b><span style=\"font-weight: 400;\"> ha subratllat que \u201caquesta confer\u00e8ncia \u00e9s una mostra del comprom\u00eds de les entitats amb la investigaci\u00f3 i el teixit empresarial\u201d. El director de relacions externes de l&#039;IVACE ha destacat el car\u00e0cter proactiu del territori: \u201cel teixit valenci\u00e0 en totes les seues formes \u2013universitats, empreses, personal investigador\u2013 \u00e9s innovador, din\u00e0mic i busca les millores que <\/span><b>Horitz\u00f3 Europa<\/b><span style=\"font-weight: 400;\"> us pot oferir\u201d. <\/span><b>Belenguer<\/b><span style=\"font-weight: 400;\"> ha destacat les oportunitats que brinda <\/span><b>Horitz\u00f3 Europa<\/b><span style=\"font-weight: 400;\"> i la voluntat dels centres tecnol\u00f2gics de \u201ccontinuar apostant per projectes europeus que encaixin en les seves l\u00ednies estrat\u00e8giques\u201d.<\/span><\/p>\n<p><span style=\"font-weight: 400;\">Tot seguit, han tingut lloc les presentacions sobre el pilar 2 del Programa <\/span><b>Horitz\u00f3 Europa: <\/b><span style=\"font-weight: 400;\">Desafiaments globals i Competitivitat Industrial Europea, per part d&#039;experts del <a href=\"https:\/\/www.cdti.es\/\">CDTI<\/a> i <a href=\"https:\/\/www.fecyt.es\/\">FECYT<\/a>. <\/span><b>Carolina Carrasco<\/b><span style=\"font-weight: 400;\">, del CDTI, ha presentat els detalls del Cl\u00faster 1 Salut i <\/span><b>Nicol\u00e1s Ojeda<\/b><span style=\"font-weight: 400;\">, de FECYT, ha desglossat els temes que corresponen amb el Cl\u00faster 2: Cultura, Creativitat i Societat Inclusiva. <\/span><span style=\"font-weight: 400;\">Per part del CDTI, <\/span><b>Maite Boyero <\/b><span style=\"font-weight: 400;\">ha avan\u00e7at algunes dades i dates claus respecte al Cl\u00faster 3: Seguretat Civil per a la Societat. <\/span><b>Enrique Pelayo, Nieves Gonz\u00e1lez, Carlos Toledo i Andrea P\u00e9rez-Carro<\/b><span style=\"font-weight: 400;\">, del CDTI, han aportat dades sobre les convocat\u00f2ries del Cl\u00faster 4: Digital, Ind\u00fastria i Espai.\u00a0<\/span><span style=\"font-weight: 400;\">Les novetats del Cl\u00faster 5 Clima, Energia i Mobilitat les han traslladat als assistents, des del CDTI, <\/span><b>Cristina Garrido, Julio Dolado<\/b><span style=\"font-weight: 400;\"> i <\/span><b>Juan Carlos Garc\u00eda, <\/b><span style=\"font-weight: 400;\">qui tamb\u00e9 ha presentat els detalls del Cl\u00faster 6 Alimentaci\u00f3, Bioeconomia, Recursos Naturals, Agricultura i Medi Ambient, que comptar\u00e0 amb un pressupost de 9.000 milions d\u20ac.<\/span><\/p>\n<p><img fetchpriority=\"high\" decoding=\"async\" class=\"wp-image-3884  aligncenter\" src=\"http:\/\/www.eurofue.articagency.eu\/wp-content\/uploads\/2021\/03\/todos.png\" alt=\"\" width=\"1021\" height=\"670\" srcset=\"https:\/\/eurofue.com\/wp-content\/uploads\/2021\/03\/todos.png 1403w, https:\/\/eurofue.com\/wp-content\/uploads\/2021\/03\/todos-300x197.png 300w, https:\/\/eurofue.com\/wp-content\/uploads\/2021\/03\/todos-1024x672.png 1024w, https:\/\/eurofue.com\/wp-content\/uploads\/2021\/03\/todos-768x504.png 768w, https:\/\/eurofue.com\/wp-content\/uploads\/2021\/03\/todos-1080x709.png 1080w, https:\/\/eurofue.com\/wp-content\/uploads\/2021\/03\/todos-1280x840.png 1280w, https:\/\/eurofue.com\/wp-content\/uploads\/2021\/03\/todos-980x643.png 980w, https:\/\/eurofue.com\/wp-content\/uploads\/2021\/03\/todos-480x315.png 480w\" sizes=\"(max-width: 1021px) 100vw, 1021px\" \/><\/p>\n<p><span style=\"font-weight: 400;\">Despr\u00e9s de les pon\u00e8ncies s&#039;ha celebrat una sessi\u00f3 de pitching per a la presentaci\u00f3 de 12 idees o propostes per part de potencials coordinadors de projectes de la Comunitat Valenciana que busquen socis per a futures convocat\u00f2ries. Un total de 12 propostes han estat presentades, 4 per grups de recerca de la Universitat Jaume I, 2 per PhotonicSENS, 2 per la Universitat Polit\u00e8cnica de Val\u00e8ncia, a m\u00e9s de l&#039;ITI, Fundaci\u00f3 Finnova, Space Farmers i Ecovending.<\/span><\/p>\n<p><span style=\"font-weight: 400;\">La trobada ha estat clausurada per <\/span><b>Jes\u00fas Lancis<\/b><span style=\"font-weight: 400;\">, vicerector de Recerca i Transfer\u00e8ncia de la Universitat Jaume I (UJI), que ha destacat: \u201cA la Comunitat Valenciana tenim davant nostre dos grans reptes: continuar amb la tasca d&#039;internacionalitzaci\u00f3 i augmentar la competitivitat i productivitat de les nostres empreses, desafiaments que aborda i refor\u00e7a considerablement el programa <\/span><b>Horitz\u00f3 Europa<\/b><span style=\"font-weight: 400;\">\u201d.<\/span><\/p>\n<p><span style=\"font-weight: 400;\">El Centre per al Desenvolupament Tecnol\u00f2gic Industrial (CDTI); La Fundaci\u00f3 Espanyola per a la Ci\u00e8ncia i la Tecnologia (FECYT); el Ministeri de Ci\u00e8ncia, Innovaci\u00f3 i Universitats; i el Punt Nacional de Contacte d&#039;Infraestructures de Recerca a Horitz\u00f3 Europa han col\u00b7laborat en l&#039;organitzaci\u00f3 d&#039;aquesta confer\u00e8ncia, que s&#039;ha fet durant dues jornades en format virtual a trav\u00e9s de videoconfer\u00e8ncia.<\/span><\/p>\n<p><b>SOBRE EL PROGRAMA HORITZ\u00d3 EUROPA<\/b><\/p>\n<p><span style=\"font-weight: 400;\">En el marc dels pressupostos de la Comissi\u00f3 Europea per al per\u00edode 2021-2027,<\/span><b> Horitz\u00f3 Europa<\/b><span style=\"font-weight: 400;\"> \u00e9s el Programa Marc de Recerca i Innovaci\u00f3 m\u00e9s ambici\u00f3s fins ara, l&#039;objectiu del qual \u00e9s mantenir la Uni\u00f3 Europea al capdavant de la inversi\u00f3 i la innovaci\u00f3 a escala mundial.\u00a0<\/span><\/p>\n<p><span style=\"font-weight: 400;\">Amb un pressupost que ronda els 100.000 milions d&#039;euros, els objectius principals de <\/span><b>Horitz\u00f3 Europa<\/b><span style=\"font-weight: 400;\"> s\u00f3n: refor\u00e7ar les bases cient\u00edfiques i tecnol\u00f2giques de la Uni\u00f3 Europea; estimular la capacitat d&#039;innovaci\u00f3, la competitivitat i les feines a Europa; complir amb les prioritats dels ciutadans i donar suport al model socioecon\u00f2mic i als valors de la Uni\u00f3 Europea. Aquests fons es vertebren sobre la base dels tres pilars fonamentals del programa, que s\u00f3n la Ci\u00e8ncia Oberta; Reptes Globals i Competitivitat Industrial; e <\/span><span style=\"font-weight: 400;\">Innovaci\u00f3 Oberta.<\/span><span style=\"font-weight: 400;\">\u00a0<\/span><\/p>\n<p><span style=\"font-weight: 400;\">S&#039;espera que <\/span><b>Horitz\u00f3 Europa<\/b><span style=\"font-weight: 400;\"> generi nous coneixements i tecnologies i que tingui efectes positius en el creixement, el comer\u00e7 i la inversi\u00f3, aix\u00ed com uns efectes considerables a la societat i al medi ambient. Cada euro invertit pel programa podr\u00e0 generar un rendiment de fins a onze euros de PIB en un per\u00edode de vint-i-cinc anys. Es preveu que les inversions de la Uni\u00f3 en R+I donin lloc a la creaci\u00f3 directa de fins a 100.000 nous llocs de treball en activitats relacionades amb la R+i durant la fase d&#039;inversi\u00f3 2021-2027.<\/span><\/p>","protected":false},"excerpt":{"rendered":"<p>La Conferencia de Lanzamiento del Programa Horizonte Europa, vinculada a los actos de celebraci\u00f3n del 30 aniversario de la UJI, ha finalizado hoy con una sesi\u00f3n dedicada a los desaf\u00edos globales y competitividad industrial europea, con la asistencia en l\u00ednea de m\u00e1s de 570 participantes. El encuentro, organizado en el marco de la Estrategia de [&hellip;]<\/p>\n","protected":false},"author":5,"featured_media":3886,"comment_status":"open","ping_status":"open","sticky":false,"template":"","format":"standard","meta":{"_monsterinsights_skip_tracking":false,"_monsterinsights_sitenote_active":false,"_monsterinsights_sitenote_note":"","_monsterinsights_sitenote_category":0,"_bluesky_dont_syndicate":"","_bluesky_syndication_accounts":"","_bluesky_syndication_text":"","footnotes":""},"categories":[1],"tags":[],"class_list":["post-3883","post","type-post","status-publish","format-standard","has-post-thumbnail","hentry","category-sin-categorizar"],"_links":{"self":[{"href":"https:\/\/eurofue.com\/ca\/wp-json\/wp\/v2\/posts\/3883","targetHints":{"allow":["GET"]}}],"collection":[{"href":"https:\/\/eurofue.com\/ca\/wp-json\/wp\/v2\/posts"}],"about":[{"href":"https:\/\/eurofue.com\/ca\/wp-json\/wp\/v2\/types\/post"}],"author":[{"embeddable":true,"href":"https:\/\/eurofue.com\/ca\/wp-json\/wp\/v2\/users\/5"}],"replies":[{"embeddable":true,"href":"https:\/\/eurofue.com\/ca\/wp-json\/wp\/v2\/comments?post=3883"}],"version-history":[{"count":0,"href":"https:\/\/eurofue.com\/ca\/wp-json\/wp\/v2\/posts\/3883\/revisions"}],"wp:featuredmedia":[{"embeddable":true,"href":"https:\/\/eurofue.com\/ca\/wp-json\/wp\/v2\/media\/3886"}],"wp:attachment":[{"href":"https:\/\/eurofue.com\/ca\/wp-json\/wp\/v2\/media?parent=3883"}],"wp:term":[{"taxonomy":"category","embeddable":true,"href":"https:\/\/eurofue.com\/ca\/wp-json\/wp\/v2\/categories?post=3883"},{"taxonomy":"post_tag","embeddable":true,"href":"https:\/\/eurofue.com\/ca\/wp-json\/wp\/v2\/tags?post=3883"}],"curies":[{"name":"wp","href":"https:\/\/api.w.org\/{rel}","templated":true}]}}