{"id":4027,"date":"2021-03-24T09:05:33","date_gmt":"2021-03-24T08:05:33","guid":{"rendered":"http:\/\/www.eurofue.articagency.eu\/?p=4027"},"modified":"2021-03-24T09:07:18","modified_gmt":"2021-03-24T08:07:18","slug":"la-va-ser-uji-presenta-el-projecte-ecoblue-tourism-al-cicle-fons-europeus-2021-2027","status":"publish","type":"post","link":"https:\/\/eurofue.com\/ca\/la-fue-uji-presenta-el-proyecto-ecoblue-tourism-en-el-ciclo-fondos-europeos-2021-2027\/","title":{"rendered":"La FUE-UJI presenta el projecte Ecoblue Tourism al cicle Fons Europeus 2021-2027"},"content":{"rendered":"<p><span style=\"font-weight: 400;\">La <\/span><a href=\"https:\/\/www.fue.uji.es\/\"><span style=\"font-weight: 400;\">VA SER-UJI<\/span><\/a><span style=\"font-weight: 400;\"> ha participat presentant el projecte Erasmus+<\/span><a href=\"http:\/\/ecobluetourism.eu\/\"><span style=\"font-weight: 400;\"> Ecoblue Tourism<\/span><\/a><span style=\"font-weight: 400;\"> a la 3a sessi\u00f3 del cicle \u201c<\/span><b>Fons Europeus 2021 2027<\/b><span style=\"font-weight: 400;\">\u201d organitzada per EuropeDirect Castell\u00f3. Aquesta 3a sessi\u00f3 del cicle se centra a presentar els Fons de Finan\u00e7ament europeus per a entitats privades i empreses, aix\u00ed com casos d&#039;\u00e8xit finan\u00e7ats en diferents programes europeus adre\u00e7ats a aquests p\u00fablics, com \u00e9s el cas del projecte Ecoblue Tourism. <\/span><\/p>\n<p>La jornada celebrada el dijous 11 de mar\u00e7 ha estat inaugurada per Pau Ferrando diputat de Promoci\u00f3 Econ\u00f2mica, Ocupaci\u00f3 i Internacionalitzaci\u00f3 de la Diputaci\u00f3 de Castell\u00f3, que ha destacat la import\u00e0ncia d&#039;anar de la m\u00e0 de les empreses que molt han d&#039;oferir a la UE a sostenibilitat i digitalitzaci\u00f3. A continuaci\u00f3, Angel Adell, CEO d&#039;Euradia ha presentat les diferents opcions de finan\u00e7ament per a entitats privades i empreses a trav\u00e9s dels <a href=\"https:\/\/europedirectcs.dipcas.es\/es\/acontecimientos\/public\/ver?id=37\">Fons de Finan\u00e7ament Europeus<\/a>: \u00abEls fons europeus necessiten una estrat\u00e8gia d&#039;acc\u00e9s i con\u00e8ixer tots els mecanismes de finan\u00e7ament disponibles\u00bb.<\/p>\n<p>Han presentat casos d&#039;\u00e8xit Centre Nacional d&#039;Experimentaci\u00f3 de Tecnologies d&#039;Hidrogen i Piles de Combustible (CNH2) amb el Projecte Interreg SUDOE IMPROVEMENT, la Fundaci\u00f3 Empresa Universitat Gal\u00edcia (FEUGA) amb el projecte H2020 Soil diver agro, GFM Fotovoltaica amb el projecte FEDER Aliena i la Fundaci\u00f3 Universitat Jaume I-Empresa de Castell\u00f3 (FUE-UJI) amb el projecte Erasmus+ Ecoblue Tourism.<\/p>\n<p><img fetchpriority=\"high\" decoding=\"async\" class=\"aligncenter wp-image-4028\" src=\"http:\/\/www.eurofue.articagency.eu\/wp-content\/uploads\/2021\/03\/26-1.png\" alt=\"\" width=\"916\" height=\"400\" srcset=\"https:\/\/eurofue.com\/wp-content\/uploads\/2021\/03\/26-1.png 1907w, https:\/\/eurofue.com\/wp-content\/uploads\/2021\/03\/26-1-300x131.png 300w, https:\/\/eurofue.com\/wp-content\/uploads\/2021\/03\/26-1-1024x447.png 1024w, https:\/\/eurofue.com\/wp-content\/uploads\/2021\/03\/26-1-768x335.png 768w, https:\/\/eurofue.com\/wp-content\/uploads\/2021\/03\/26-1-1536x671.png 1536w, https:\/\/eurofue.com\/wp-content\/uploads\/2021\/03\/26-1-1080x472.png 1080w, https:\/\/eurofue.com\/wp-content\/uploads\/2021\/03\/26-1-1280x559.png 1280w, https:\/\/eurofue.com\/wp-content\/uploads\/2021\/03\/26-1-980x428.png 980w, https:\/\/eurofue.com\/wp-content\/uploads\/2021\/03\/26-1-480x210.png 480w\" sizes=\"(max-width: 916px) 100vw, 916px\" \/><\/p>\n<p>El projecte <a href=\"http:\/\/www.eurofue.articagency.eu\/eco-blue-tourism\/\">Ecoblue Tourism<\/a> sobre formaci\u00f3 en emprenedoria al sector del turisme blau i sostenible ha presentat a la jornada les claus per a la preparaci\u00f3 de propostes a la convocat\u00f2ria Erasmus+. Tamb\u00e9 s&#039;ha presentat a la sessi\u00f3 el consorci que forma el projecte i les diferents activitats que aquest duu a terme, la seva adaptaci\u00f3 de continguts i formaci\u00f3 al COVID-19, aix\u00ed com els resultats esperats en aquest projecte que finalitza el proper mes d&#039;agost despr\u00e9s dos anys dimplementaci\u00f3.<\/p>","protected":false},"excerpt":{"rendered":"<p>La FUE-UJI ha participado presentando el proyecto Erasmus+ Ecoblue Tourism en la 3a sesi\u00f3n del ciclo \u201cFondos Europeos 2021 2027\u201d organizada por EuropeDirect Castell\u00f3n. Esta 3a sesi\u00f3n del ciclo se centra en presentar\u00a0 los Fondos de Financiaci\u00f3n europeos para entidades privadas y empresas, as\u00ed como casos de \u00e9xito financiados en distintos programas europeos dirigidos a [&hellip;]<\/p>\n","protected":false},"author":5,"featured_media":4030,"comment_status":"open","ping_status":"open","sticky":false,"template":"","format":"standard","meta":{"_monsterinsights_skip_tracking":false,"_monsterinsights_sitenote_active":false,"_monsterinsights_sitenote_note":"","_monsterinsights_sitenote_category":0,"_bluesky_dont_syndicate":"","_bluesky_syndication_accounts":"","_bluesky_syndication_text":"","footnotes":""},"categories":[55],"tags":[],"class_list":["post-4027","post","type-post","status-publish","format-standard","has-post-thumbnail","hentry","category-proyecto-ecoblue-tourism"],"_links":{"self":[{"href":"https:\/\/eurofue.com\/ca\/wp-json\/wp\/v2\/posts\/4027","targetHints":{"allow":["GET"]}}],"collection":[{"href":"https:\/\/eurofue.com\/ca\/wp-json\/wp\/v2\/posts"}],"about":[{"href":"https:\/\/eurofue.com\/ca\/wp-json\/wp\/v2\/types\/post"}],"author":[{"embeddable":true,"href":"https:\/\/eurofue.com\/ca\/wp-json\/wp\/v2\/users\/5"}],"replies":[{"embeddable":true,"href":"https:\/\/eurofue.com\/ca\/wp-json\/wp\/v2\/comments?post=4027"}],"version-history":[{"count":0,"href":"https:\/\/eurofue.com\/ca\/wp-json\/wp\/v2\/posts\/4027\/revisions"}],"wp:featuredmedia":[{"embeddable":true,"href":"https:\/\/eurofue.com\/ca\/wp-json\/wp\/v2\/media\/4030"}],"wp:attachment":[{"href":"https:\/\/eurofue.com\/ca\/wp-json\/wp\/v2\/media?parent=4027"}],"wp:term":[{"taxonomy":"category","embeddable":true,"href":"https:\/\/eurofue.com\/ca\/wp-json\/wp\/v2\/categories?post=4027"},{"taxonomy":"post_tag","embeddable":true,"href":"https:\/\/eurofue.com\/ca\/wp-json\/wp\/v2\/tags?post=4027"}],"curies":[{"name":"wp","href":"https:\/\/api.w.org\/{rel}","templated":true}]}}