{"id":4735,"date":"2021-11-09T16:37:40","date_gmt":"2021-11-09T15:37:40","guid":{"rendered":"http:\/\/www.eurofue.articagency.eu\/?p=4735"},"modified":"2021-11-09T16:37:40","modified_gmt":"2021-11-09T15:37:40","slug":"la-formacio-del-personal-dintercat-en-turisme-circular-i-accessible-es-desenvolupa-en-portugal","status":"publish","type":"post","link":"https:\/\/eurofue.com\/ca\/la-formacion-del-personal-de-intercat-en-turismo-circular-y-accesible-se-desarrolla-en-portugal\/","title":{"rendered":"La formaci\u00f3 del personal d&#039;InterCat en turisme circular i accessible es desenvolupa a Portugal"},"content":{"rendered":"<p>El projecte Erasmus+ <a href=\"http:\/\/www.eurofue.articagency.eu\/intercat\/\">Intercat<\/a> sobre turisme circular i accessible s&#039;ha reunit a Ponte de Lima, Portugal, del 25 al 29 d&#039;octubre per dur a terme l&#039;activitat de formaci\u00f3 <a href=\"http:\/\/www.eurofue.articagency.eu\/intercat\/www.intercaterasmus.eu\">\u201cTraining Course for Staff and Trainers\u201d<\/a>. Durant aquests cinc dies de formaci\u00f3, un total de 25 persones han estat formats en els conceptes m\u00e9s utilitzats i les bones pr\u00e0ctiques sobre el turisme circular i l&#039;accessibilitat al sector del turisme.<\/p>\n<p><img fetchpriority=\"high\" decoding=\"async\" class=\"aligncenter wp-image-4736\" src=\"http:\/\/www.eurofue.articagency.eu\/wp-content\/uploads\/2021\/11\/1635929754856.jpg\" alt=\"\" width=\"483\" height=\"362\" srcset=\"https:\/\/eurofue.com\/wp-content\/uploads\/2021\/11\/1635929754856.jpg 2048w, https:\/\/eurofue.com\/wp-content\/uploads\/2021\/11\/1635929754856-300x225.jpg 300w, https:\/\/eurofue.com\/wp-content\/uploads\/2021\/11\/1635929754856-1024x768.jpg 1024w, https:\/\/eurofue.com\/wp-content\/uploads\/2021\/11\/1635929754856-768x576.jpg 768w, https:\/\/eurofue.com\/wp-content\/uploads\/2021\/11\/1635929754856-1536x1152.jpg 1536w, https:\/\/eurofue.com\/wp-content\/uploads\/2021\/11\/1635929754856-510x382.jpg 510w, https:\/\/eurofue.com\/wp-content\/uploads\/2021\/11\/1635929754856-1080x810.jpg 1080w, https:\/\/eurofue.com\/wp-content\/uploads\/2021\/11\/1635929754856-1280x960.jpg 1280w, https:\/\/eurofue.com\/wp-content\/uploads\/2021\/11\/1635929754856-980x735.jpg 980w, https:\/\/eurofue.com\/wp-content\/uploads\/2021\/11\/1635929754856-480x360.jpg 480w\" sizes=\"(max-width: 483px) 100vw, 483px\" \/><\/p>\n<p>Totes les entitats s\u00f2cies han tingut l&#039;oportunitat de formar-se i presentar els seus treballs realitzats sobre els conceptes i les bones pr\u00e0ctiques del turisme accessible i circular. New Horizons (It\u00e0lia), Previform (Portugal), Fundaci\u00f3 Universitat Jaume I-Empresa (Espanya), Erg\u00e0sia (Gr\u00e8cia) i Ecological Future Education (Let\u00f2nia) han estat les encarregades de presentar els seus aven\u00e7os en tots dos temes a la resta de socis i participants a la formaci\u00f3. Les presentacions han incl\u00f2s exemples de bones pr\u00e0ctiques i alguns exercicis interactius per tal d&#039;emfatitzar amb els grups objectiu involucrats en el turisme sostenible i accessible i altres activitats d&#039;avaluaci\u00f3 per comprovar com una acci\u00f3 individual pot impactar al medi ambient i com contribuir-hi sector tur\u00edstic.<\/p>\n<p>A m\u00e9s, la formaci\u00f3 ha incl\u00f2s visites d\u201festudi per con\u00e8ixer de primera m\u00e0 algunes iniciatives sobre turisme accessible i circular. Els participants han visitat el complex hoteler i esportiu sostenible <a href=\"https:\/\/feelviana.com\/\">Feel Viana<\/a>, situat a Viana do Castelo (Portugal). Despr\u00e9s d&#039;aquesta visita els participants s&#039;han traslladat a la ciutat de <a href=\"https:\/\/www.visitportugal.com\/es\/NR\/exeres\/E0BA8FD6-7C0D-44C6-B33B-65828974EEB2\">Penafiel<\/a>, on han participat en un recorregut per aquesta ciutat darreres millores en mat\u00e8ria d&#039;accessibilitat.<\/p>\n<p><img decoding=\"async\" class=\"aligncenter wp-image-4740 lazyload\" data-src=\"http:\/\/www.eurofue.articagency.eu\/wp-content\/uploads\/2021\/11\/1635929754690.jpg\" alt=\"\" width=\"771\" height=\"347\" data-srcset=\"https:\/\/eurofue.com\/wp-content\/uploads\/2021\/11\/1635929754690.jpg 2000w, https:\/\/eurofue.com\/wp-content\/uploads\/2021\/11\/1635929754690-300x135.jpg 300w, https:\/\/eurofue.com\/wp-content\/uploads\/2021\/11\/1635929754690-1024x461.jpg 1024w, https:\/\/eurofue.com\/wp-content\/uploads\/2021\/11\/1635929754690-768x346.jpg 768w, https:\/\/eurofue.com\/wp-content\/uploads\/2021\/11\/1635929754690-1536x691.jpg 1536w, https:\/\/eurofue.com\/wp-content\/uploads\/2021\/11\/1635929754690-1080x486.jpg 1080w, https:\/\/eurofue.com\/wp-content\/uploads\/2021\/11\/1635929754690-1280x576.jpg 1280w, https:\/\/eurofue.com\/wp-content\/uploads\/2021\/11\/1635929754690-980x441.jpg 980w, https:\/\/eurofue.com\/wp-content\/uploads\/2021\/11\/1635929754690-480x216.jpg 480w\" data-sizes=\"(max-width: 771px) 100vw, 771px\" src=\"data:image\/svg+xml;base64,PHN2ZyB3aWR0aD0iMSIgaGVpZ2h0PSIxIiB4bWxucz0iaHR0cDovL3d3dy53My5vcmcvMjAwMC9zdmciPjwvc3ZnPg==\" style=\"--smush-placeholder-width: 771px; --smush-placeholder-aspect-ratio: 771\/347;\" \/> <img decoding=\"async\" class=\"aligncenter wp-image-4742 lazyload\" data-src=\"http:\/\/www.eurofue.articagency.eu\/wp-content\/uploads\/2021\/11\/1635929114421-scaled.jpg\" alt=\"\" width=\"770\" height=\"433\" data-srcset=\"https:\/\/eurofue.com\/wp-content\/uploads\/2021\/11\/1635929114421-scaled.jpg 2560w, https:\/\/eurofue.com\/wp-content\/uploads\/2021\/11\/1635929114421-300x169.jpg 300w, https:\/\/eurofue.com\/wp-content\/uploads\/2021\/11\/1635929114421-1024x576.jpg 1024w, https:\/\/eurofue.com\/wp-content\/uploads\/2021\/11\/1635929114421-768x432.jpg 768w, https:\/\/eurofue.com\/wp-content\/uploads\/2021\/11\/1635929114421-1536x864.jpg 1536w, https:\/\/eurofue.com\/wp-content\/uploads\/2021\/11\/1635929114421-2048x1152.jpg 2048w, https:\/\/eurofue.com\/wp-content\/uploads\/2021\/11\/1635929114421-1080x608.jpg 1080w, https:\/\/eurofue.com\/wp-content\/uploads\/2021\/11\/1635929114421-1280x720.jpg 1280w, https:\/\/eurofue.com\/wp-content\/uploads\/2021\/11\/1635929114421-980x551.jpg 980w, https:\/\/eurofue.com\/wp-content\/uploads\/2021\/11\/1635929114421-480x270.jpg 480w\" data-sizes=\"(max-width: 770px) 100vw, 770px\" src=\"data:image\/svg+xml;base64,PHN2ZyB3aWR0aD0iMSIgaGVpZ2h0PSIxIiB4bWxucz0iaHR0cDovL3d3dy53My5vcmcvMjAwMC9zdmciPjwvc3ZnPg==\" style=\"--smush-placeholder-width: 770px; --smush-placeholder-aspect-ratio: 770\/433;\" \/><\/p>\n<p>Despr\u00e9s d&#039;aquesta primera activitat de formaci\u00f3, el projecte continuar\u00e0 treballant en els resultats que es desenvolupin durant la seva execuci\u00f3: Glossari d&#039;Elements de Formaci\u00f3 de TAO per a FP: Conceptes clau i eines de treball del Turisme Circular i Accessible per a la formaci\u00f3 de FP estudi a Espanya i Eina d&#039;An\u00e0lisi d&#039;Imatge de Destinaci\u00f3 \u2013 DIATool: eina en l\u00ednia i innovadora que funcionar\u00e0 com a Plantilla d&#039;Observaci\u00f3 sobre Turisme Circular i Accessible per a la formaci\u00f3 de FP.<\/p>","protected":false},"excerpt":{"rendered":"<p>El proyecto Erasmus+ InterCat sobre turismo circular y accesible se ha reunido en Ponte de Lima, Portugal, del 25 al 29 de octubre para llevar a cabo la actividad de formaci\u00f3n \u00abTraining Course for Staff and Trainers\u201d. Durante estos cinco d\u00edas de formaci\u00f3n, un total de 25 personas han sido formados en los conceptos m\u00e1s [&hellip;]<\/p>\n","protected":false},"author":5,"featured_media":4738,"comment_status":"closed","ping_status":"open","sticky":false,"template":"","format":"standard","meta":{"_monsterinsights_skip_tracking":false,"_monsterinsights_sitenote_active":false,"_monsterinsights_sitenote_note":"","_monsterinsights_sitenote_category":0,"_bluesky_dont_syndicate":"","_bluesky_syndication_accounts":"","_bluesky_syndication_text":"","footnotes":""},"categories":[78],"tags":[],"class_list":["post-4735","post","type-post","status-publish","format-standard","has-post-thumbnail","hentry","category-intercat"],"_links":{"self":[{"href":"https:\/\/eurofue.com\/ca\/wp-json\/wp\/v2\/posts\/4735","targetHints":{"allow":["GET"]}}],"collection":[{"href":"https:\/\/eurofue.com\/ca\/wp-json\/wp\/v2\/posts"}],"about":[{"href":"https:\/\/eurofue.com\/ca\/wp-json\/wp\/v2\/types\/post"}],"author":[{"embeddable":true,"href":"https:\/\/eurofue.com\/ca\/wp-json\/wp\/v2\/users\/5"}],"replies":[{"embeddable":true,"href":"https:\/\/eurofue.com\/ca\/wp-json\/wp\/v2\/comments?post=4735"}],"version-history":[{"count":0,"href":"https:\/\/eurofue.com\/ca\/wp-json\/wp\/v2\/posts\/4735\/revisions"}],"wp:featuredmedia":[{"embeddable":true,"href":"https:\/\/eurofue.com\/ca\/wp-json\/wp\/v2\/media\/4738"}],"wp:attachment":[{"href":"https:\/\/eurofue.com\/ca\/wp-json\/wp\/v2\/media?parent=4735"}],"wp:term":[{"taxonomy":"category","embeddable":true,"href":"https:\/\/eurofue.com\/ca\/wp-json\/wp\/v2\/categories?post=4735"},{"taxonomy":"post_tag","embeddable":true,"href":"https:\/\/eurofue.com\/ca\/wp-json\/wp\/v2\/tags?post=4735"}],"curies":[{"name":"wp","href":"https:\/\/api.w.org\/{rel}","templated":true}]}}