{"id":5041,"date":"2022-02-17T17:26:19","date_gmt":"2022-02-17T16:26:19","guid":{"rendered":"http:\/\/www.eurofue.articagency.eu\/?p=5041"},"modified":"2022-02-17T17:26:19","modified_gmt":"2022-02-17T16:26:19","slug":"la-uji-aposta-pel-financament-europeu-del-programa-erasmus","status":"publish","type":"post","link":"https:\/\/eurofue.com\/ca\/la-uji-apuesta-por-la-financiacion-europea-del-programa-erasmus\/","title":{"rendered":"L&#039;UJI aposta pel finan\u00e7ament europeu del programa Erasmus+"},"content":{"rendered":"<p>La <a href=\"http:\/\/uji.es\">Universitat Jaume I de Castell\u00f3<\/a> ha celebrat la <strong>Jornada Virtual Erasmus+ Acci\u00f3 Clau KA2: Cooperaci\u00f3 entre organitzacions i institucions<\/strong>, impulsada pel Vicerectorat d&#039;Internacionalitzaci\u00f3 i Cooperaci\u00f3 amb el suport de la <a href=\"http:\/\/fue.uji.es\">Fundaci\u00f3 Universitat Jaume I-Empresa<\/a> (FUE-UJI) i la col\u00b7laboraci\u00f3 del SEPIE, l&#039;ag\u00e8ncia nacional per a la gesti\u00f3, difusi\u00f3 i promoci\u00f3 del programa Erasmus+ de la Uni\u00f3 Europea en l&#039;\u00e0mbit de l&#039;educaci\u00f3 i la formaci\u00f3.<\/p>\n<p>La sessi\u00f3 ha estat inaugurada per <strong>Joan Antoni Mart\u00edn<\/strong>, vicerector d&#039;Internacionalitzaci\u00f3 i Cooperaci\u00f3 de l&#039;UJI, que ha destacat les diferents accions del programa presentades a la sessi\u00f3.<strong> Alfonso Gentil<\/strong>, director del <a href=\"https:\/\/sepie.es\/\">SEPIE<\/a>, tamb\u00e9 ha intervingut durant la inauguraci\u00f3 i ha subratllat l&#039;\u00e8xit de participaci\u00f3 de l&#039;edici\u00f3 anterior del programa: \u00abGr\u00e0cies a institucions com l&#039;UJI, l&#039;inter\u00e8s a Erasmus+ \u00e9s el m\u00e9s elevat, amb 58 milions d&#039;euros i 346 projectes de cooperaci\u00f3 finan\u00e7ats a 2021\u00bb.<\/p>\n<p>La introducci\u00f3 al programa Erasmus+ per al per\u00edode 2021-2027 ha anat a c\u00e0rrec de <strong>Andr\u00e9s Ajo<\/strong>, director de la Unitat d&#039;Educaci\u00f3 Escolar i de Persones Adultes del SEPIE, que ha recordat als assistents que \u00abdes d&#039;institucions diverses es pot treballar al voltant de la innovaci\u00f3 dels sectors d&#039;educaci\u00f3 escolar, formaci\u00f3 professional, educaci\u00f3 superior i educaci\u00f3 de persones adultes\u00bb.<\/p>\n<p>A continuaci\u00f3, <strong>Sara Mart\u00ednez Navarro<\/strong>, cap de servei de la Unitat d&#039;Educaci\u00f3 Escolar i de Persones Adultes del SEPIE, ha presentat la convocat\u00f2ria del programa d&#039;associacions per a la cooperaci\u00f3, en el marc de l&#039;acci\u00f3 KA2 a Erasmus+ 2021-2027. Mart\u00ednez ha destacat en la presentaci\u00f3 els objectius, les prioritats, els resultats esperats, el finan\u00e7ament de la convocat\u00f2ria i tamb\u00e9 ha donat als assistents consells per a l&#039;elaboraci\u00f3 d&#039;una proposta d&#039;\u00e8xit.<\/p>\n<p>La convocat\u00f2ria \u00abMesures de disseny Erasmus Mundus\u00bb tamb\u00e9 s&#039;ha presentat a la jornada de la m\u00e0 de <strong>Loreta Paulauskaite<\/strong>, punt de contacte per a Dimensi\u00f3 Internacional Erasmus+ del SEPIE. Tot seguit, <strong>Ilija Vuckov<\/strong>, Senior EU Funding Consultant i CEO d&#039;EMKICE Consulting, ha presentat tota la informaci\u00f3 sobre la propera convocat\u00f2ria Erasmus+ Aliances per a la Innovaci\u00f3.<\/p>\n<p>A m\u00e9s, s&#039;han presentat tres projectes actualment en vigor a l&#039;UJI que constitueixen casos d&#039;\u00e8xit: <a href=\"https:\/\/h2omap.uji.es\/\">H2OMap<\/a>, coordinat per la C\u00e0tedra FACSA d&#039;Innovaci\u00f3 al Cicle Integral de l&#039;Aigua i presentat per la seva coordinadora<strong> Laura Men\u00e9ndez<\/strong>; el projecte <a href=\"https:\/\/www.uji.es\/institucional\/estructura\/projectes\/erasmus-ceip\/\">CE-IP<\/a>, coordinat pel grup de recerca SOGRES-UJI i presentat per la catedr\u00e0tica de l&#039;UJI <strong>Maria Jes\u00fas Mu\u00f1oz<\/strong>; i el projecte <a href=\"https:\/\/senguide.ili.eu\/\">SenGuide<\/a>, de la m\u00e0 de <strong>Pilar Escuder<\/strong>, coordinadora de la Universitat per a Majors de l&#039;UJI.<\/p>\n<p><strong>Eva Camacho<\/strong>, vicerectora adjunta d&#039;Internacionalitzaci\u00f3 i Cooperaci\u00f3 de l&#039;UJI, ha moderat la jornada i ha presentat les conclusions, en qu\u00e8 ha destacat que \u00abel programa Erasmus+ per al per\u00edode 2021-27 \u00e9s una gran aposta de la Comissi\u00f3 Europea i t\u00e9 una dimensi\u00f3 molt important per a la innovaci\u00f3 i la formaci\u00f3\u00bb.<\/p>\n<p>La Jornada Erasmus+ tamb\u00e9 ha comptat amb la participaci\u00f3 d&#039;entitats, associacions, administracions i empreses que volen obtenir finan\u00e7ament europeu. A tots s&#039;ha dirigit <strong>Joan Antoni Mart\u00edn<\/strong>, vicerector d&#039;Internacionalitzaci\u00f3 i Cooperaci\u00f3 de l&#039;UJI, durant la clausura, animant-los a participar a les properes convocat\u00f2ries d&#039;aquest programa.<\/p>\n<p>Despr\u00e9s de la jornada, els grups de recerca de l&#039;UJI que aix\u00ed ho han sol\u00b7licitat, s&#039;han reunit amb experts en finan\u00e7ament europeu de la FUE-UJI per treballar propostes de projectes potencials per a la propera convocat\u00f2ria Erasmus+, tot aix\u00f2, per incentivar la seva participaci\u00f3 en aquest programa, aix\u00ed com donar-los les eines necess\u00e0ries per presentar propostes amb les garanties m\u00e9s grans d&#039;\u00e8xit.<\/p>\n<p>&nbsp;<\/p>","protected":false},"excerpt":{"rendered":"<p>La Universitat Jaume I de Castell\u00f3 ha celebrado la Jornada Virtual Erasmus+ Acci\u00f3n Clave KA2: Cooperaci\u00f3n entre organizaciones e instituciones, impulsada por el Vicerrectorado de Internacionalizaci\u00f3n y Cooperaci\u00f3n con el apoyo de la Fundaci\u00f3n Universitat Jaume I-Empresa (FUE-UJI) y la colaboraci\u00f3n del SEPIE, la agencia nacional para la gesti\u00f3n, difusi\u00f3n y promoci\u00f3n del programa Erasmus+ [&hellip;]<\/p>\n","protected":false},"author":5,"featured_media":5042,"comment_status":"closed","ping_status":"open","sticky":false,"template":"","format":"standard","meta":{"_monsterinsights_skip_tracking":false,"_monsterinsights_sitenote_active":false,"_monsterinsights_sitenote_note":"","_monsterinsights_sitenote_category":0,"_bluesky_dont_syndicate":"","_bluesky_syndication_accounts":"","_bluesky_syndication_text":"","footnotes":""},"categories":[1],"tags":[],"class_list":["post-5041","post","type-post","status-publish","format-standard","has-post-thumbnail","hentry","category-sin-categorizar"],"_links":{"self":[{"href":"https:\/\/eurofue.com\/ca\/wp-json\/wp\/v2\/posts\/5041","targetHints":{"allow":["GET"]}}],"collection":[{"href":"https:\/\/eurofue.com\/ca\/wp-json\/wp\/v2\/posts"}],"about":[{"href":"https:\/\/eurofue.com\/ca\/wp-json\/wp\/v2\/types\/post"}],"author":[{"embeddable":true,"href":"https:\/\/eurofue.com\/ca\/wp-json\/wp\/v2\/users\/5"}],"replies":[{"embeddable":true,"href":"https:\/\/eurofue.com\/ca\/wp-json\/wp\/v2\/comments?post=5041"}],"version-history":[{"count":0,"href":"https:\/\/eurofue.com\/ca\/wp-json\/wp\/v2\/posts\/5041\/revisions"}],"wp:featuredmedia":[{"embeddable":true,"href":"https:\/\/eurofue.com\/ca\/wp-json\/wp\/v2\/media\/5042"}],"wp:attachment":[{"href":"https:\/\/eurofue.com\/ca\/wp-json\/wp\/v2\/media?parent=5041"}],"wp:term":[{"taxonomy":"category","embeddable":true,"href":"https:\/\/eurofue.com\/ca\/wp-json\/wp\/v2\/categories?post=5041"},{"taxonomy":"post_tag","embeddable":true,"href":"https:\/\/eurofue.com\/ca\/wp-json\/wp\/v2\/tags?post=5041"}],"curies":[{"name":"wp","href":"https:\/\/api.w.org\/{rel}","templated":true}]}}