{"id":5371,"date":"2022-09-27T09:57:10","date_gmt":"2022-09-27T07:57:10","guid":{"rendered":"http:\/\/www.eurofue.articagency.eu\/?p=5371"},"modified":"2022-09-27T09:57:10","modified_gmt":"2022-09-27T07:57:10","slug":"el-projecte-ecomaya-promou-lagermanament-entre-networking-directives-i-emprenedores-dargentina","status":"publish","type":"post","link":"https:\/\/eurofue.com\/ca\/el-proyecto-ecomaya-promueve-el-hermanamiento-entre-networking-directivas-y-emprendedoras-de-argentina\/","title":{"rendered":"El projecte ECOMAyA promou l&#039;agermanament entre Networking Directives i emprenedores d&#039;Argentina"},"content":{"rendered":"<p>La <a href=\"http:\/\/www.fue.uji.es\">Fundaci\u00f3 Universitat Jaume I-Empresa<\/a> ha organitzat la Trobada-Debat <strong>L&#039;Emprenedoria de la Dona al sector agroalimentari<\/strong> en el marc de la visita a Castell\u00f3 de Maria del Carmen Garc\u00eda, coordinadora del projecte europeu de cooperaci\u00f3 amb Argentina <a href=\"https:\/\/ecomaya.com.ar\/\">ECOMAia<\/a>. La jornada ha tingut la participaci\u00f3 de l&#039;associaci\u00f3 <a href=\"https:\/\/ndcs.es\/\">Netwotking Directives Castell\u00f3<\/a> (NDCS). La <a href=\"http:\/\/www.uji.es\">Universitat Jaume I<\/a> participa com a s\u00f2cia al projecte ECOMAyA, a trav\u00e9s del grup SOGRES, com a experts a l&#039;\u00e0rea d&#039;economia circular, juntament amb la FUE-UJI tamb\u00e9 com a s\u00f2cia del projecte i coordinats per Red PROTER (Argentina).<\/p>\n<p>La trobada, celebrada el dijous 22 de setembre a la FUE-UJI, ha reunit emprenedores i directives de Castell\u00f3, a les quals s&#039;ha presentat el projecte ECOMAyA, \u00abque t\u00e9 com a principal objectiu promoure l&#039;emprenedoria a trav\u00e9s d&#039;un programa de microcr\u00e8dits per a dones, que els permeti desenvolupar tota una xarxa d?empreses basades en economia circular, especialment al voltant de la producci\u00f3 ap\u00edcola\u00bb, tal com ha explicat <strong>Gl\u00f2ria Serra<\/strong>, gerent de la FUE-UJI, a l&#039;obertura de la trobada.<\/p>\n<p><strong>Maria del Carme Garc\u00eda<\/strong>, coordinadora del projecte, ha presentat ECOMAyA en representaci\u00f3 de Red PROTER (Argentina), entitat coordinadora del projecte. \u00abAquest projecte \u00e9s un \u00e8xit important per a Buenos Aires, com el primer projecte finan\u00e7at per la Uni\u00f3 Europea a la nostra prov\u00edncia, i tamb\u00e9 \u00e9s de gran import\u00e0ncia per a Argentina\u00bb, ha destacat Garc\u00eda durant la seva presentaci\u00f3.<\/p>\n<p><img fetchpriority=\"high\" decoding=\"async\" class=\"alignnone wp-image-5374 size-full\" src=\"http:\/\/www.eurofue.articagency.eu\/wp-content\/uploads\/2022\/09\/fue-ecomaya2-scaled.jpg\" alt=\"\" width=\"2560\" height=\"1916\" srcset=\"https:\/\/eurofue.com\/wp-content\/uploads\/2022\/09\/fue-ecomaya2-scaled.jpg 2560w, https:\/\/eurofue.com\/wp-content\/uploads\/2022\/09\/fue-ecomaya2-300x225.jpg 300w, https:\/\/eurofue.com\/wp-content\/uploads\/2022\/09\/fue-ecomaya2-1024x767.jpg 1024w, https:\/\/eurofue.com\/wp-content\/uploads\/2022\/09\/fue-ecomaya2-768x575.jpg 768w, https:\/\/eurofue.com\/wp-content\/uploads\/2022\/09\/fue-ecomaya2-1536x1150.jpg 1536w, https:\/\/eurofue.com\/wp-content\/uploads\/2022\/09\/fue-ecomaya2-2048x1533.jpg 2048w, https:\/\/eurofue.com\/wp-content\/uploads\/2022\/09\/fue-ecomaya2-510x382.jpg 510w, https:\/\/eurofue.com\/wp-content\/uploads\/2022\/09\/fue-ecomaya2-1080x808.jpg 1080w, https:\/\/eurofue.com\/wp-content\/uploads\/2022\/09\/fue-ecomaya2-1280x958.jpg 1280w, https:\/\/eurofue.com\/wp-content\/uploads\/2022\/09\/fue-ecomaya2-980x733.jpg 980w, https:\/\/eurofue.com\/wp-content\/uploads\/2022\/09\/fue-ecomaya2-480x359.jpg 480w\" sizes=\"(max-width: 2560px) 100vw, 2560px\" \/><\/p>\n<p>NDCS ha estat representada a la trobada per la seva presidenta, <strong>M\u00f2nica Boix<\/strong>; <strong>Susana P\u00e9rez<\/strong>, directora de la signatura de joies Le Cad\u00f3; <strong>Maria Bellmunt<\/strong>, directora de Fundaci\u00f3 Globalis; <strong>Pilar Esquer<\/strong>, directora de la Consultoria Nutricional Habits i <strong>Emma Bordills<\/strong>, gerent de la Masia Les Casotes.<\/p>\n<p>Aquesta trobada ha marcat l\u00b4inici d\u00b4una col\u00b7laboraci\u00f3 entre emprenedores de Castell\u00f3 i Buenos Aires a trav\u00e9s del projecte ECOMAyA i en forma d\u00b4una activitat de mentoritzaci\u00f3 i acompanyament. \u00abLes associades de NDCS tenen el perfil, el coneixement i l&#039;experi\u00e8ncia per desenvolupar aquesta activitat en qu\u00e8 guiaran aquestes dones que emprenen per primera vegada, perqu\u00e8 ho facin amb les garanties d&#039;\u00e8xit m\u00e9s grans\u00bb, ha assenyalat durant la trobada. <strong>Nela G\u00f3mez<\/strong>, directora de l&#039;Oficina de Projectes Europeus i Internacionals de la FUE-UJI i project manager d&#039;ECOMAyA.<\/p>\n<p>El projecte ECOMAyA, finan\u00e7at per la Uni\u00f3 Europea en el marc de la convocat\u00f2ria de cooperaci\u00f3 territorial EuropeAid, t\u00e9 una durada de 3 anys. Durant el proper any dur\u00e0 a terme diferents activitats per a la creaci\u00f3 d&#039;una planta d&#039;extracci\u00f3 de mel a Argentina, a m\u00e9s de la capacitaci\u00f3 d&#039;emprenedores en mat\u00e8ries d&#039;administraci\u00f3, comunicaci\u00f3 i economia circular i la seva mentoritzaci\u00f3 en forma d&#039;agermanament entre emprenedores Castell\u00f3-Argentina.<\/p>","protected":false},"excerpt":{"rendered":"<p>La Fundaci\u00f3n Universitat Jaume I-Empresa ha organizado el Encuentro-Debate El Emprendimiento de la Mujer en el sector agroalimentario en el marco de la visita a Castell\u00f3 de Mar\u00eda del Carmen Garc\u00eda, coordinadora del proyecto europeo de cooperaci\u00f3n con Argentina ECOMAyA. La jornada ha contado con la participaci\u00f3n de la asociaci\u00f3n Netwotking Directivas Castell\u00f3n (NDCS). La [&hellip;]<\/p>\n","protected":false},"author":5,"featured_media":5372,"comment_status":"closed","ping_status":"open","sticky":false,"template":"","format":"standard","meta":{"_monsterinsights_skip_tracking":false,"_monsterinsights_sitenote_active":false,"_monsterinsights_sitenote_note":"","_monsterinsights_sitenote_category":0,"_bluesky_dont_syndicate":"","_bluesky_syndication_accounts":"","_bluesky_syndication_text":"","footnotes":""},"categories":[105],"tags":[],"class_list":["post-5371","post","type-post","status-publish","format-standard","has-post-thumbnail","hentry","category-ecomaya"],"_links":{"self":[{"href":"https:\/\/eurofue.com\/ca\/wp-json\/wp\/v2\/posts\/5371","targetHints":{"allow":["GET"]}}],"collection":[{"href":"https:\/\/eurofue.com\/ca\/wp-json\/wp\/v2\/posts"}],"about":[{"href":"https:\/\/eurofue.com\/ca\/wp-json\/wp\/v2\/types\/post"}],"author":[{"embeddable":true,"href":"https:\/\/eurofue.com\/ca\/wp-json\/wp\/v2\/users\/5"}],"replies":[{"embeddable":true,"href":"https:\/\/eurofue.com\/ca\/wp-json\/wp\/v2\/comments?post=5371"}],"version-history":[{"count":0,"href":"https:\/\/eurofue.com\/ca\/wp-json\/wp\/v2\/posts\/5371\/revisions"}],"wp:featuredmedia":[{"embeddable":true,"href":"https:\/\/eurofue.com\/ca\/wp-json\/wp\/v2\/media\/5372"}],"wp:attachment":[{"href":"https:\/\/eurofue.com\/ca\/wp-json\/wp\/v2\/media?parent=5371"}],"wp:term":[{"taxonomy":"category","embeddable":true,"href":"https:\/\/eurofue.com\/ca\/wp-json\/wp\/v2\/categories?post=5371"},{"taxonomy":"post_tag","embeddable":true,"href":"https:\/\/eurofue.com\/ca\/wp-json\/wp\/v2\/tags?post=5371"}],"curies":[{"name":"wp","href":"https:\/\/api.w.org\/{rel}","templated":true}]}}