{"id":5389,"date":"2022-11-04T12:44:19","date_gmt":"2022-11-04T11:44:19","guid":{"rendered":"http:\/\/www.eurofue.articagency.eu\/?p=5389"},"modified":"2022-11-04T12:44:19","modified_gmt":"2022-11-04T11:44:19","slug":"dues-delegacions-argentines-visiten-castello-espana-en-accions-de-networking-del-projecte-ecomaya","status":"publish","type":"post","link":"https:\/\/eurofue.com\/ca\/dos-delegaciones-argentinas-visitan-castello-espana-en-acciones-de-networking-del-proyecto-ecomaya\/","title":{"rendered":"Dues delegacions argentines visiten Castell\u00f3 (Espanya) en accions de networking del projecte ECOMAyA"},"content":{"rendered":"<p>Durant els mesos de setembre i octubre la <a href=\"http:\/\/www.fue.uji.es\">Fundaci\u00f3 Universitat Jaume I-Empresa<\/a> (FUE-UJI) i el grup de recerca SOGRAMENTS de la Universitat Jaume I (UJI) han rebut a Castell\u00f3 dues delegacions d&#039;Argentina, amb l&#039;objectiu de promoure les activitats del projecte <a href=\"https:\/\/ecomaya.com.ar\/\">ECOMAia<\/a> a Espanya. La Universitat Jaume I participa com a s\u00f2cia al projecte ECOMAyA, a trav\u00e9s del grup SOGRES, com a experts a l&#039;\u00e0rea d&#039;economia circular, juntament amb la FUE-UJI tamb\u00e9 com a s\u00f2cia del projecte i coordinats per Red PROTER (Argentina).<\/p>\n<p>La primera agenda de treball, organitzada al setembre, ha comptat amb la participaci\u00f3 de <strong>Maria del Carme Garc\u00eda<\/strong>, coordinadora del projecte europeu de cooperaci\u00f3 amb Argentina ECOMAyA. Un total d&#039;11 reunions de treball han conformat aquesta primera agenda centrada en l&#039;intercanvi de bones pr\u00e0ctiques a l&#039;\u00e0mbit de l&#039;apicultura, la formaci\u00f3, l&#039;economia circular i l&#039;emprenedoria, aix\u00ed com la difusi\u00f3 dels resultats del projecte ECOMAyA.<\/p>\n<p>Entre les reunions programades, la coordinadora del projecte ha tingut l&#039;oportunitat de treballar amb apicultors i cooperatives de la zona com <strong>Josefina Gonell<\/strong>, gerent de Pajuelo Consultors Ap\u00edcoles; <strong>Maria Isabel M\u00farcia<\/strong>, directora comercial de la Societat Cooperativa Ap\u00edcola d&#039;Espanya (ANAE); <strong>Ana Granell<\/strong>, directora de la f\u00e0brica de cera, mel i pol\u00b7len Granalbe a Segorbe; la cooperativa InterCoop; el projecte <a href=\"https:\/\/gbp4.com\/en\/home-en\/\">Global Bee Project d&#039;Ayora<\/a> (Val\u00e8ncia) i la visita a apicultors artesans a Ayora i Culla. A m\u00e9s, la coordinadora d&#039;ECOMAyA tamb\u00e9 s&#039;ha reunit amb <strong>Ferm\u00edn Mall\u00e9n<\/strong>, vicerector<br \/>\nadjunt de Relacions Internacionals de la Universitat Jaume I de Castell\u00f3, <strong>Aurora Ruiz<\/strong>, t\u00e8cnica de l&#039;Oficina de Relacions Internacionals i <strong>Joan Antoni Mart\u00edn<\/strong>, deg\u00e0 de la Facultat de Ci\u00e8ncies Jur\u00eddiques i Econ\u00f2miques de l&#039;UJI.<\/p>\n<p><img fetchpriority=\"high\" decoding=\"async\" class=\"aligncenter wp-image-5392\" src=\"http:\/\/www.eurofue.articagency.eu\/wp-content\/uploads\/2022\/11\/FeYK-fTXoAI922G-scaled.jpg\" alt=\"\" width=\"577\" height=\"433\" srcset=\"https:\/\/eurofue.com\/wp-content\/uploads\/2022\/11\/FeYK-fTXoAI922G-scaled.jpg 2560w, https:\/\/eurofue.com\/wp-content\/uploads\/2022\/11\/FeYK-fTXoAI922G-300x225.jpg 300w, https:\/\/eurofue.com\/wp-content\/uploads\/2022\/11\/FeYK-fTXoAI922G-1024x768.jpg 1024w, https:\/\/eurofue.com\/wp-content\/uploads\/2022\/11\/FeYK-fTXoAI922G-768x576.jpg 768w, https:\/\/eurofue.com\/wp-content\/uploads\/2022\/11\/FeYK-fTXoAI922G-1536x1152.jpg 1536w, https:\/\/eurofue.com\/wp-content\/uploads\/2022\/11\/FeYK-fTXoAI922G-2048x1536.jpg 2048w, https:\/\/eurofue.com\/wp-content\/uploads\/2022\/11\/FeYK-fTXoAI922G-510x382.jpg 510w, https:\/\/eurofue.com\/wp-content\/uploads\/2022\/11\/FeYK-fTXoAI922G-1080x810.jpg 1080w, https:\/\/eurofue.com\/wp-content\/uploads\/2022\/11\/FeYK-fTXoAI922G-1280x960.jpg 1280w, https:\/\/eurofue.com\/wp-content\/uploads\/2022\/11\/FeYK-fTXoAI922G-980x735.jpg 980w, https:\/\/eurofue.com\/wp-content\/uploads\/2022\/11\/FeYK-fTXoAI922G-480x360.jpg 480w\" sizes=\"(max-width: 577px) 100vw, 577px\" \/><\/p>\n<p>En el marc d\u201fintercanvi de bones pr\u00e0ctiques de capacitaci\u00f3, ECOMAyA s\u201fha reunit amb els responsables del cicle formatiu de Producci\u00f3 Agroecol\u00f2gica de l\u201fInstitut IES Gilabert de Centelles de Nules (Castell\u00f3). A m\u00e9s, aquesta primera agenda tamb\u00e9 ha estat l&#039;oportunitat d&#039;organitzar la Trobada-Debat L&#039;Emprenedoria de la Dona al sector agroalimentari amb la participaci\u00f3 de l&#039;associaci\u00f3 <a href=\"https:\/\/ndcs.es\/\">Networking Directives de Castell\u00f3<\/a> (NDCS). Aquest <a href=\"http:\/\/www.eurofue.articagency.eu\/el-proyecto-ecomaya-promueve-el-hermanamiento-entre-networking-directivas-y-emprendedoras-de-argentina\/\">trobada<\/a> ha marcat l\u00b4inici d\u00b4una col\u00b7laboraci\u00f3 entre emprenedores de Castell\u00f3 i Buenos Aires a trav\u00e9s del projecte ECOMAyA i en forma d\u00b4una activitat de mentoritzaci\u00f3 i acompanyament.<\/p>\n<p>Despr\u00e9s d&#039;aquesta primera trobada i amb la finalitat de definir el funcionament de l&#039;agermanament entre emprenedores d&#039;Espanya i l&#039;Argentina i les tem\u00e0tiques de m\u00e9s inter\u00e8s per a totes dues, la seg\u00fcent agenda de treball del mes d&#039;octubre tamb\u00e9 ha acollit una sessi\u00f3 de treball amb NDCS. L&#039;associaci\u00f3 d&#039;emprenedores castellonenca ha estat representada en les dues ocasions per la presidenta, <strong>M\u00f2nica Boix; Susana P\u00e9rez<\/strong>, directora de la signatura de joies Le Cad\u00f3; <strong>Maria Bellmunt<\/strong>, directora de Fundaci\u00f3 Globalis; <strong>Pilar Esquer<\/strong>, directora de la Consultoria Nutricional Habits; <strong>Emma Bordills<\/strong>, gerent de la Masia Les Casotes; <strong>Ana Bel\u00e9n Garc\u00eda<\/strong>, directora de Dualium Management; <strong>Sara Gual<\/strong>, s\u00f2cia i consellera delegada de l&#039;empresa de fruites i hortalisses Bag\u00fa SL; i <strong>M\u00f2nica Carregu\u00ed<\/strong>, directora de Novum Consultoria i presidenta de l&#039;associaci\u00f3 de dones emprenedores Reinventhadas. Aquesta darrera associaci\u00f3 d&#039;emprenedores, aix\u00ed com l&#039;empresa Bag\u00fa, tamb\u00e9 han estat algunes de les reunions marcades per a la segona agenda de treball del projecte al mes d&#039;octubre, per a la qual es van despla\u00e7ar a Castell\u00f3 <strong>Cristina Coria<\/strong> i <strong>Juan Ganovelli<\/strong>, com a representants del Xarxa PROTER, coordinador del projecte.<\/p>\n<p>Aquesta segona agenda, de car\u00e0cter m\u00e9s institucional, ha comptat amb la recepci\u00f3 a l&#039;UJI per part de <strong>Eva Camacho<\/strong>, vicerectora de Relacions Internacionals ia la localitat de Castell\u00f3 per <strong>Amparo Marco<\/strong>, alcaldessa del municipi. A m\u00e9s, ECOMAyA s&#039;ha reunit amb <strong>Patricia Porta<\/strong>, regidora dOcupaci\u00f3, Emprenedoria i Benestar de lAjuntament de Castell\u00f3, amb qui han visitat el Centre Municipal de Formaci\u00f3. Tamb\u00e9 han estat rebuts a la Diputaci\u00f3 de Castell\u00f3 per <strong>Pau Ferrando<\/strong>, diputat de Promoci\u00f3 Econ\u00f2mica, <strong>Ana Bel\u00e9n Arzo<\/strong>, cap de Promoci\u00f3 Econ\u00f2mica i Relacions Internacionals i <strong>Teresa Tena<\/strong> responsable d&#039;Europe Direct a Castell\u00f3.<\/p>\n<p>Entre les 13 reunions de treball programades a l&#039;octubre, destaquen la reuni\u00f3 amb la <strong>Autoritat Portu\u00e0ria de Castell\u00f3<\/strong>, la visita a l&#039;empresa cer\u00e0mica <strong>GRESP\u00c0NIA<\/strong> de la m\u00e0 de la directora de filials <strong>Claudia Hern\u00e1ndez<\/strong>, al Centre Comercial <strong>Estepark<\/strong> i posterior reuni\u00f3 amb la directora <strong>Maria \u00c0ngels Palmi<\/strong>, aix\u00ed com la reuni\u00f3 amb <strong>Marisa Flor<\/strong>, directora de la c\u00e0tedra d&#039;emprenedoria de l&#039;UJI <strong>INCREA<\/strong>.<\/p>\n<p>El projecte ECOMAyA, finan\u00e7at per la Uni\u00f3 Europea en el marc de la convocat\u00f2ria de cooperaci\u00f3 territorial EuropeAid, t\u00e9 una durada de 3 anys. Durant el proper any dur\u00e0 a terme diferents activitats per a la creaci\u00f3 d&#039;una planta d&#039;extracci\u00f3 de mel a Argentina, a m\u00e9s de la capacitaci\u00f3 d&#039;emprenedores en mat\u00e8ries d&#039;administraci\u00f3, comunicaci\u00f3 i economia circular i la seva mentoritzaci\u00f3 en forma d&#039;agermanament entre emprenedores Castell\u00f3-Argentina.<\/p>","protected":false},"excerpt":{"rendered":"<p>Durante los meses de septiembre y octubre la Fundaci\u00f3n Universitat Jaume I-Empresa (FUE-UJI) y el grupo de investigaci\u00f3n SOGRES de la Universitat Jaume I (UJI) han recibido en Castell\u00f3n dos delegaciones de Argentina, con el objetivo de promover las actividades del proyecto ECOMAyA en Espa\u00f1a. La Universitat Jaume I participa como socia en el proyecto [&hellip;]<\/p>\n","protected":false},"author":5,"featured_media":5390,"comment_status":"closed","ping_status":"open","sticky":false,"template":"","format":"standard","meta":{"_monsterinsights_skip_tracking":false,"_monsterinsights_sitenote_active":false,"_monsterinsights_sitenote_note":"","_monsterinsights_sitenote_category":0,"_bluesky_dont_syndicate":"","_bluesky_syndication_accounts":"","_bluesky_syndication_text":"","footnotes":""},"categories":[105],"tags":[],"class_list":["post-5389","post","type-post","status-publish","format-standard","has-post-thumbnail","hentry","category-ecomaya"],"_links":{"self":[{"href":"https:\/\/eurofue.com\/ca\/wp-json\/wp\/v2\/posts\/5389","targetHints":{"allow":["GET"]}}],"collection":[{"href":"https:\/\/eurofue.com\/ca\/wp-json\/wp\/v2\/posts"}],"about":[{"href":"https:\/\/eurofue.com\/ca\/wp-json\/wp\/v2\/types\/post"}],"author":[{"embeddable":true,"href":"https:\/\/eurofue.com\/ca\/wp-json\/wp\/v2\/users\/5"}],"replies":[{"embeddable":true,"href":"https:\/\/eurofue.com\/ca\/wp-json\/wp\/v2\/comments?post=5389"}],"version-history":[{"count":0,"href":"https:\/\/eurofue.com\/ca\/wp-json\/wp\/v2\/posts\/5389\/revisions"}],"wp:featuredmedia":[{"embeddable":true,"href":"https:\/\/eurofue.com\/ca\/wp-json\/wp\/v2\/media\/5390"}],"wp:attachment":[{"href":"https:\/\/eurofue.com\/ca\/wp-json\/wp\/v2\/media?parent=5389"}],"wp:term":[{"taxonomy":"category","embeddable":true,"href":"https:\/\/eurofue.com\/ca\/wp-json\/wp\/v2\/categories?post=5389"},{"taxonomy":"post_tag","embeddable":true,"href":"https:\/\/eurofue.com\/ca\/wp-json\/wp\/v2\/tags?post=5389"}],"curies":[{"name":"wp","href":"https:\/\/api.w.org\/{rel}","templated":true}]}}