{"id":1645,"date":"2019-11-22T11:43:52","date_gmt":"2019-11-22T10:43:52","guid":{"rendered":"http:\/\/www.eurofue.articagency.eu\/?p=1441"},"modified":"2019-11-22T11:43:52","modified_gmt":"2019-11-22T10:43:52","slug":"the-eurofue-uji-team-participates-in-the-4th-go-global-congress-valencia","status":"publish","type":"post","link":"https:\/\/eurofue.com\/en\/el-equipo-eurofue-uji-participa-en-el-4o-congreso-go-global-valencia\/","title":{"rendered":"The EuroFUE-UJI team participates in the 4th GO GLOBAL Valencia Congress"},"content":{"rendered":"<p>The EuroFUE-UJI is committed to continuous training in internationalization, this time through participation in the fourth edition of the Congress <strong>GO GLOBAL<\/strong> which the Valencia Fair hosted on November 19 and 20 and in which they participated <strong>more than 50 companies and institutions<\/strong>. Among them, the European and International Projects Office of the FUE-UJI did not want to miss this opportunity to expand its training horizons, in search of synergies and new opportunities in the international sector. In its fourth year of celebration, GO GLOBAL has offered attendees two full days with presentations on very diverse subjects, all of them focused on the internationalization of companies and institutions. <\/p>\n\n\n\n<div class=\"wp-block-image\"><figure class=\"aligncenter\"><img decoding=\"async\" data-src=\"http:\/\/www.eurofue.articagency.eu\/wp-content\/uploads\/2019\/11\/IMG_20191119_110334.jpg\" alt=\"\" class=\"wp-image-1444 lazyload\" src=\"data:image\/svg+xml;base64,PHN2ZyB3aWR0aD0iMSIgaGVpZ2h0PSIxIiB4bWxucz0iaHR0cDovL3d3dy53My5vcmcvMjAwMC9zdmciPjwvc3ZnPg==\" \/><\/figure><\/div>\n\n\n\n<!--more-->\n\n\n\n<p>In addition, the congress venue itself has been structured in such a way that all the needs of attendees are met. GO GLOBAL has had, in addition to the sectoral and institutional stands in which to exhibit and make the different presentations, an area for international buyers, another sector dedicated exclusively to the IVACE\/ICEX Scholarships and an area for the external network.  Highlight among the sectoral areas, the <strong>Europe Space Opportunities<\/strong> in which presentations on various topics were scheduled, such as European Opportunities: <strong>Horizon Europe Program<\/strong>, with the intervention of Guillermo \u00c1lvarez, Head of the Department of Social Challenges of the Center for Technological and Industrial Development (<strong>CDTI<\/strong>). Also highlighting in this space intended for European policies, the presentation <em>Financing R&amp;D Projects in International Cooperation through Eureka<\/em>, organized by the CDTI. <\/p>\n\n\n\n<figure class=\"wp-block-image\"><img decoding=\"async\" data-src=\"http:\/\/www.eurofue.articagency.eu\/wp-content\/uploads\/2019\/11\/EJz2jgqXsAAXaCT-1024x768.jpg\" alt=\"\" class=\"wp-image-1445 lazyload\" src=\"data:image\/svg+xml;base64,PHN2ZyB3aWR0aD0iMSIgaGVpZ2h0PSIxIiB4bWxucz0iaHR0cDovL3d3dy53My5vcmcvMjAwMC9zdmciPjwvc3ZnPg==\" style=\"--smush-placeholder-width: 1024px; --smush-placeholder-aspect-ratio: 1024\/768;\" \/><\/figure>\n\n\n\n<p>Among the presentations scheduled within the framework of the congress, the following stand out: <em>Big Data and Artificial Intelligence: New paradigms for Internationalization<\/em> led by Carmen Artigas, Expert in Big Data, Artificial Intelligence and Technological Innovation, <em>Creative Europe Media, as an Instrument of Internationalization<\/em> by \u00c1gata Szczygiel from the Consultancy and Promotion Cultural Foundation Office Media Spain and\u00a0 <em>Geostrategic Keys of the Current International Scenario <\/em>by Miguel \u00c1ngel Ballesteros, director of the Department of National Security of the Cabinet of the Presidency of the Government. With the aim of promoting the <strong>internationalization <\/strong>and provide tools to carry out these tasks, the GO GLOBAL Congress has once again received a great reception from the business and institutional sector at a national and international level. <\/p>","protected":false},"excerpt":{"rendered":"<p>La EuroFUE-UJI apuesta por la formaci\u00f3n continua en materia de internacionalizaci\u00f3n, esta vez a trav\u00e9s de la participaci\u00f3n en la cuarta edici\u00f3n del Congreso GO GLOBAL que la Feria de Valencia ha acogido los d\u00edas 19 y 20 de noviembre y en el que han participado m\u00e1s de 50 empresas e instituciones. Entre ellas, la [&hellip;]<\/p>\n","protected":false},"author":2,"featured_media":0,"comment_status":"closed","ping_status":"closed","sticky":false,"template":"","format":"standard","meta":{"_monsterinsights_skip_tracking":false,"_monsterinsights_sitenote_active":false,"_monsterinsights_sitenote_note":"","_monsterinsights_sitenote_category":0,"_bluesky_dont_syndicate":"","_bluesky_syndication_accounts":"","_bluesky_syndication_text":"","footnotes":""},"categories":[1],"tags":[],"class_list":["post-1645","post","type-post","status-publish","format-standard","hentry","category-sin-categorizar"],"_links":{"self":[{"href":"https:\/\/eurofue.com\/en\/wp-json\/wp\/v2\/posts\/1645","targetHints":{"allow":["GET"]}}],"collection":[{"href":"https:\/\/eurofue.com\/en\/wp-json\/wp\/v2\/posts"}],"about":[{"href":"https:\/\/eurofue.com\/en\/wp-json\/wp\/v2\/types\/post"}],"author":[{"embeddable":true,"href":"https:\/\/eurofue.com\/en\/wp-json\/wp\/v2\/users\/2"}],"replies":[{"embeddable":true,"href":"https:\/\/eurofue.com\/en\/wp-json\/wp\/v2\/comments?post=1645"}],"version-history":[{"count":0,"href":"https:\/\/eurofue.com\/en\/wp-json\/wp\/v2\/posts\/1645\/revisions"}],"wp:attachment":[{"href":"https:\/\/eurofue.com\/en\/wp-json\/wp\/v2\/media?parent=1645"}],"wp:term":[{"taxonomy":"category","embeddable":true,"href":"https:\/\/eurofue.com\/en\/wp-json\/wp\/v2\/categories?post=1645"},{"taxonomy":"post_tag","embeddable":true,"href":"https:\/\/eurofue.com\/en\/wp-json\/wp\/v2\/tags?post=1645"}],"curies":[{"name":"wp","href":"https:\/\/api.w.org\/{rel}","templated":true}]}}