{"id":4003,"date":"2021-03-18T08:13:33","date_gmt":"2021-03-18T07:13:33","guid":{"rendered":"http:\/\/www.eurofue.articagency.eu\/?p=4003"},"modified":"2021-03-18T08:15:26","modified_gmt":"2021-03-18T07:15:26","slug":"la-fue-uji-reports-on-european-funds-2021-2027","status":"publish","type":"post","link":"https:\/\/eurofue.com\/en\/la-fue-uji-informa-sobre-los-fondos-europeos-2021-2027\/","title":{"rendered":"The FUE-UJI reports on the European Funds 2021-2027"},"content":{"rendered":"<p style=\"font-weight: 400;\">The <a href=\"http:\/\/www.fue.uji.es\">FUE-UJI<\/a>, through its European and International Projects Office (<a href=\"http:\/\/www.eurofue.articagency.eu\">EuroFUE-UJI<\/a>), in collaboration with <strong>Caixalmassora<\/strong>, has brought together its Trustees this Wednesday, March 17 in a new session of the <a href=\"http:\/\/www.eurofue.articagency.eu\/desayunos-europa-2027\">Working Breakfasts Europe 2027<\/a>, on this occasion dedicated to the <strong>European Funds for the period 2021-2027<\/strong>. The day included guest expert <strong>Andreu Iranzo Navarro<\/strong>, general director of European Funds of the Generalitat Valenciana. <strong>Joan Antoni Martin<\/strong>, vice-rector for Internationalization and Cooperation of the Universitat Jaume I, was in charge of opening the meeting.<\/p>\n<p style=\"font-weight: 400;\"><strong>Carlos Cabrera<\/strong>, executive president of the Universitat Jaume I-Empresa Foundation, presented a few brief lines on the Cohesion Policy of the European Union, which is committed to &quot;a smarter, greener and carbon-free Europe, more connected, more social and closer to the citizens&quot;.<\/p>\n<p style=\"font-weight: 400;\">This session of the Europe 2027 Work Breakfasts has allowed the entities and companies of the FUE-UJI Board of Trustees to learn about the European Funds for the period 2021-2027, which was agreed by the European Union on July 21, 2020 and where approved a budget allocation of more than <strong>1.82 billion euros<\/strong>. This set of measures, which brings together the multiannual financial framework (more than 1.07 trillion euros) and extraordinary recovery measures within the framework of the instrument called <strong>NEXT GENERATION EU<\/strong> (750 billion euros), will contribute to the reconstruction of the EU after the COVID-19 pandemic and will support investment in the green and digital transitions.<\/p>\n<p><img fetchpriority=\"high\" decoding=\"async\" class=\"wp-image-3971 aligncenter\" src=\"http:\/\/www.eurofue.articagency.eu\/wp-content\/uploads\/2021\/03\/IMG_20210317_092823-scaled.jpg\" alt=\"\" width=\"510\" height=\"383\" srcset=\"https:\/\/eurofue.com\/wp-content\/uploads\/2021\/03\/IMG_20210317_092823-scaled.jpg 2560w, https:\/\/eurofue.com\/wp-content\/uploads\/2021\/03\/IMG_20210317_092823-300x225.jpg 300w, https:\/\/eurofue.com\/wp-content\/uploads\/2021\/03\/IMG_20210317_092823-1024x769.jpg 1024w, https:\/\/eurofue.com\/wp-content\/uploads\/2021\/03\/IMG_20210317_092823-768x577.jpg 768w, https:\/\/eurofue.com\/wp-content\/uploads\/2021\/03\/IMG_20210317_092823-1536x1153.jpg 1536w, https:\/\/eurofue.com\/wp-content\/uploads\/2021\/03\/IMG_20210317_092823-2048x1538.jpg 2048w, https:\/\/eurofue.com\/wp-content\/uploads\/2021\/03\/IMG_20210317_092823-510x382.jpg 510w, https:\/\/eurofue.com\/wp-content\/uploads\/2021\/03\/IMG_20210317_092823-1080x811.jpg 1080w, https:\/\/eurofue.com\/wp-content\/uploads\/2021\/03\/IMG_20210317_092823-1280x961.jpg 1280w, https:\/\/eurofue.com\/wp-content\/uploads\/2021\/03\/IMG_20210317_092823-980x736.jpg 980w, https:\/\/eurofue.com\/wp-content\/uploads\/2021\/03\/IMG_20210317_092823-480x360.jpg 480w\" sizes=\"(max-width: 510px) 100vw, 510px\" \/><\/p>\n<p style=\"font-weight: 400;\"><strong>Andreu Iranzo<\/strong>, general director of European Funds of the Generalitat Valenciana, has indicated that &quot;the 8% of the ERDF has to be allocated to sustainable urban development, therefore, city councils will be able to have access to these funds.&quot; Iranzo has highlighted the simplification of these funds for the submission of applications and the imminent launch of the European Funds 2021-2027, for which he recommends preparing through regular consultation of European information channels and networking with the European entities.<\/p>\n<p style=\"font-weight: 400;\">Next, <strong>Gloria Serra<\/strong>, manager of the FUE-UJI, moderated the colloquium in which attendees raised their doubts and reflections on the opportunities offered by European funds in the short-term future.<\/p>\n<p><img decoding=\"async\" class=\"aligncenter wp-image-3975 lazyload\" data-src=\"http:\/\/www.eurofue.articagency.eu\/wp-content\/uploads\/2021\/03\/IMG_20210317_094013-scaled.jpg\" alt=\"\" width=\"494\" height=\"371\" data-srcset=\"https:\/\/eurofue.com\/wp-content\/uploads\/2021\/03\/IMG_20210317_094013-scaled.jpg 2560w, https:\/\/eurofue.com\/wp-content\/uploads\/2021\/03\/IMG_20210317_094013-300x225.jpg 300w, https:\/\/eurofue.com\/wp-content\/uploads\/2021\/03\/IMG_20210317_094013-1024x769.jpg 1024w, https:\/\/eurofue.com\/wp-content\/uploads\/2021\/03\/IMG_20210317_094013-768x577.jpg 768w, https:\/\/eurofue.com\/wp-content\/uploads\/2021\/03\/IMG_20210317_094013-1536x1153.jpg 1536w, https:\/\/eurofue.com\/wp-content\/uploads\/2021\/03\/IMG_20210317_094013-2048x1538.jpg 2048w, https:\/\/eurofue.com\/wp-content\/uploads\/2021\/03\/IMG_20210317_094013-510x382.jpg 510w, https:\/\/eurofue.com\/wp-content\/uploads\/2021\/03\/IMG_20210317_094013-1080x811.jpg 1080w, https:\/\/eurofue.com\/wp-content\/uploads\/2021\/03\/IMG_20210317_094013-1280x961.jpg 1280w, https:\/\/eurofue.com\/wp-content\/uploads\/2021\/03\/IMG_20210317_094013-980x736.jpg 980w, https:\/\/eurofue.com\/wp-content\/uploads\/2021\/03\/IMG_20210317_094013-480x360.jpg 480w\" data-sizes=\"(max-width: 494px) 100vw, 494px\" src=\"data:image\/svg+xml;base64,PHN2ZyB3aWR0aD0iMSIgaGVpZ2h0PSIxIiB4bWxucz0iaHR0cDovL3d3dy53My5vcmcvMjAwMC9zdmciPjwvc3ZnPg==\" style=\"--smush-placeholder-width: 494px; --smush-placeholder-aspect-ratio: 494\/371;\" \/><\/p>\n<p style=\"font-weight: 400;\">The vice-rector of Internationalization and Cooperation of the UJI, <strong>Joan Antoni Martin<\/strong>, who also closed this day, assured that &quot;European Funds always constitute an excellent opportunity to combat the uncertainty of the situation we currently find ourselves in, which is why knowing and knowing how they work is essential,&quot; he highlighted.<\/p>\n<p style=\"font-weight: 400;\">The cycle <a href=\"http:\/\/www.eurofue.articagency.eu\/desayunos-europa-2027\">Working Breakfasts Europe 2027<\/a> will continue next <strong>April, the 21st<\/strong> introducing cases of European Good Practices.<\/p>\n<p><img decoding=\"async\" class=\"aligncenter wp-image-3977 lazyload\" data-src=\"http:\/\/www.eurofue.articagency.eu\/wp-content\/uploads\/2021\/03\/IMG_20210317_094139-scaled.jpg\" alt=\"\" width=\"553\" height=\"415\" data-srcset=\"https:\/\/eurofue.com\/wp-content\/uploads\/2021\/03\/IMG_20210317_094139-scaled.jpg 2560w, https:\/\/eurofue.com\/wp-content\/uploads\/2021\/03\/IMG_20210317_094139-300x225.jpg 300w, https:\/\/eurofue.com\/wp-content\/uploads\/2021\/03\/IMG_20210317_094139-1024x769.jpg 1024w, https:\/\/eurofue.com\/wp-content\/uploads\/2021\/03\/IMG_20210317_094139-768x577.jpg 768w, https:\/\/eurofue.com\/wp-content\/uploads\/2021\/03\/IMG_20210317_094139-1536x1153.jpg 1536w, https:\/\/eurofue.com\/wp-content\/uploads\/2021\/03\/IMG_20210317_094139-2048x1538.jpg 2048w, https:\/\/eurofue.com\/wp-content\/uploads\/2021\/03\/IMG_20210317_094139-510x382.jpg 510w, https:\/\/eurofue.com\/wp-content\/uploads\/2021\/03\/IMG_20210317_094139-1080x811.jpg 1080w, https:\/\/eurofue.com\/wp-content\/uploads\/2021\/03\/IMG_20210317_094139-1280x961.jpg 1280w, https:\/\/eurofue.com\/wp-content\/uploads\/2021\/03\/IMG_20210317_094139-980x736.jpg 980w, https:\/\/eurofue.com\/wp-content\/uploads\/2021\/03\/IMG_20210317_094139-480x360.jpg 480w\" data-sizes=\"(max-width: 553px) 100vw, 553px\" src=\"data:image\/svg+xml;base64,PHN2ZyB3aWR0aD0iMSIgaGVpZ2h0PSIxIiB4bWxucz0iaHR0cDovL3d3dy53My5vcmcvMjAwMC9zdmciPjwvc3ZnPg==\" style=\"--smush-placeholder-width: 553px; --smush-placeholder-aspect-ratio: 553\/415;\" \/><\/p>\n<p style=\"font-weight: 400;\">More information:\u00a0<a href=\"http:\/\/www.eurofue.articagency.eu\/desayunos-europa-2027\" data-saferedirecturl=\"https:\/\/www.google.com\/url?q=http:\/\/www.eurofue.articagency.eu\/desayunos-europa-2027&amp;source=gmail&amp;ust=1616137063473000&amp;usg=AFQjCNGK4Yo6NycW3i4S5F8Tp5QSl2yW7g\">www.eurofue.articagency.eu\/desayunos-europa-2027<\/a><\/p>","protected":false},"excerpt":{"rendered":"<p>La FUE-UJI, a trav\u00e9s de su Oficina de Proyectos Europeos e Internacionales (EuroFUE-UJI), con la colaboraci\u00f3n de Caixalmassora, ha reunido a sus Patronos este mi\u00e9rcoles 17 de marzo en una nueva sesi\u00f3n de los Desayunos de Trabajo Europa 2027, en esta ocasi\u00f3n dedicado a los Fondos Europeos para el per\u00edodo\u00a02021-2027. La jornada ha contado como [&hellip;]<\/p>\n","protected":false},"author":5,"featured_media":3955,"comment_status":"open","ping_status":"open","sticky":false,"template":"","format":"standard","meta":{"_monsterinsights_skip_tracking":false,"_monsterinsights_sitenote_active":false,"_monsterinsights_sitenote_note":"","_monsterinsights_sitenote_category":0,"_bluesky_dont_syndicate":"","_bluesky_syndication_accounts":"","_bluesky_syndication_text":"","footnotes":""},"categories":[56,93],"tags":[],"class_list":["post-4003","post","type-post","status-publish","format-standard","has-post-thumbnail","hentry","category-desayunos-europa","category-deseu-fondos"],"_links":{"self":[{"href":"https:\/\/eurofue.com\/en\/wp-json\/wp\/v2\/posts\/4003","targetHints":{"allow":["GET"]}}],"collection":[{"href":"https:\/\/eurofue.com\/en\/wp-json\/wp\/v2\/posts"}],"about":[{"href":"https:\/\/eurofue.com\/en\/wp-json\/wp\/v2\/types\/post"}],"author":[{"embeddable":true,"href":"https:\/\/eurofue.com\/en\/wp-json\/wp\/v2\/users\/5"}],"replies":[{"embeddable":true,"href":"https:\/\/eurofue.com\/en\/wp-json\/wp\/v2\/comments?post=4003"}],"version-history":[{"count":0,"href":"https:\/\/eurofue.com\/en\/wp-json\/wp\/v2\/posts\/4003\/revisions"}],"wp:featuredmedia":[{"embeddable":true,"href":"https:\/\/eurofue.com\/en\/wp-json\/wp\/v2\/media\/3955"}],"wp:attachment":[{"href":"https:\/\/eurofue.com\/en\/wp-json\/wp\/v2\/media?parent=4003"}],"wp:term":[{"taxonomy":"category","embeddable":true,"href":"https:\/\/eurofue.com\/en\/wp-json\/wp\/v2\/categories?post=4003"},{"taxonomy":"post_tag","embeddable":true,"href":"https:\/\/eurofue.com\/en\/wp-json\/wp\/v2\/tags?post=4003"}],"curies":[{"name":"wp","href":"https:\/\/api.w.org\/{rel}","templated":true}]}}