{"id":4428,"date":"2021-07-22T10:07:34","date_gmt":"2021-07-22T08:07:34","guid":{"rendered":"http:\/\/www.eurofue.articagency.eu\/?p=4428"},"modified":"2021-07-22T10:07:34","modified_gmt":"2021-07-22T08:07:34","slug":"the-aside-project-celebrates-its-transnational-meeting-in-castello-with-fue-uji-as-a-partner","status":"publish","type":"post","link":"https:\/\/eurofue.com\/en\/el-proyecto-aside-celebra-su-reunion-transnacional-en-castello-con-la-fue-uji-como-socio\/","title":{"rendered":"The ASIDE project holds its transnational meeting in Castell\u00f3 with the FUE-UJI as a partner"},"content":{"rendered":"<p>The European and International Projects Office of the <a href=\"http:\/\/www.fue.uji.es\">FUE-UJI<\/a> (EuroFUE-UJI) has hosted the transnational meeting between the partners of the Erasmus+ project <a href=\"http:\/\/aside.inbie.pl\/\">ASIDE<\/a>, which took place in Castell\u00f3 on July 1 and 2. This meeting of the consortium has had the participation of 2 representatives of each of the entities participating in the project. Fundacja Instytu Badani Innowacjiw Edukacji (Poland) as project coordinator, Saricam Public Education Center (Turkey) and ITC International TEFL Adult Education Center (Czech Republic) as partners, in addition to FUE-UJI as partner and organizer of the event.<\/p>\n<p><img fetchpriority=\"high\" decoding=\"async\" class=\"aligncenter wp-image-4429\" src=\"http:\/\/www.eurofue.articagency.eu\/wp-content\/uploads\/2021\/07\/WhatsApp-Image-2021-07-05-at-08.55.35-2.jpeg\" alt=\"\" width=\"461\" height=\"346\" srcset=\"https:\/\/eurofue.com\/wp-content\/uploads\/2021\/07\/WhatsApp-Image-2021-07-05-at-08.55.35-2.jpeg 1600w, https:\/\/eurofue.com\/wp-content\/uploads\/2021\/07\/WhatsApp-Image-2021-07-05-at-08.55.35-2-300x225.jpeg 300w, https:\/\/eurofue.com\/wp-content\/uploads\/2021\/07\/WhatsApp-Image-2021-07-05-at-08.55.35-2-1024x769.jpeg 1024w, https:\/\/eurofue.com\/wp-content\/uploads\/2021\/07\/WhatsApp-Image-2021-07-05-at-08.55.35-2-768x576.jpeg 768w, https:\/\/eurofue.com\/wp-content\/uploads\/2021\/07\/WhatsApp-Image-2021-07-05-at-08.55.35-2-1536x1153.jpeg 1536w, https:\/\/eurofue.com\/wp-content\/uploads\/2021\/07\/WhatsApp-Image-2021-07-05-at-08.55.35-2-510x382.jpeg 510w, https:\/\/eurofue.com\/wp-content\/uploads\/2021\/07\/WhatsApp-Image-2021-07-05-at-08.55.35-2-1080x811.jpeg 1080w, https:\/\/eurofue.com\/wp-content\/uploads\/2021\/07\/WhatsApp-Image-2021-07-05-at-08.55.35-2-1280x961.jpeg 1280w, https:\/\/eurofue.com\/wp-content\/uploads\/2021\/07\/WhatsApp-Image-2021-07-05-at-08.55.35-2-980x736.jpeg 980w, https:\/\/eurofue.com\/wp-content\/uploads\/2021\/07\/WhatsApp-Image-2021-07-05-at-08.55.35-2-480x360.jpeg 480w\" sizes=\"(max-width: 461px) 100vw, 461px\" \/><\/p>\n<p>The meeting between the partners in Castell\u00f3 has focused on taking stock of the results developed to date within the framework of this <a href=\"http:\/\/www.eurofue.articagency.eu\/aside\/\">project on digital inclusion<\/a> and establish and define the actions of the next activities of the project. Activities focused on management, dissemination and quality control of the results of the ASIDE project have also been evaluated.<\/p>\n<p>The transnational meeting has also had the participation of the Vice-Rector&#039;s Office for Internationalization and Cooperation of the <a href=\"http:\/\/www.uji.es\">Jaume I University of Castell\u00f3<\/a> (UJI), through its deputy vice-rector <strong>Eva Camacho<\/strong>, who has exchanged with partners from different countries the internationalization and mobility actions of the UJI. As well as the possibilities of international cooperation and collaboration between the project partners and the University.<\/p>\n<p>&nbsp;<\/p>","protected":false},"excerpt":{"rendered":"<p>La Oficina de Proyectos Europeos e Internacionales de la FUE-UJI (EuroFUE-UJI) ha sido la anfitriona de la reuni\u00f3n transnacional entre los socios del proyecto Erasmus+ ASIDE, que ha tenido lugar en Castell\u00f3 los d\u00edas 1 y 2 de julio. Esta reuni\u00f3n del consorcio ha contado con la participaci\u00f3n de 2 representantes de cada una de [&hellip;]<\/p>\n","protected":false},"author":5,"featured_media":4431,"comment_status":"closed","ping_status":"open","sticky":false,"template":"","format":"standard","meta":{"_monsterinsights_skip_tracking":false,"_monsterinsights_sitenote_active":false,"_monsterinsights_sitenote_note":"","_monsterinsights_sitenote_category":0,"_bluesky_dont_syndicate":"","_bluesky_syndication_accounts":"","_bluesky_syndication_text":"","footnotes":""},"categories":[64],"tags":[],"class_list":["post-4428","post","type-post","status-publish","format-standard","has-post-thumbnail","hentry","category-aside"],"_links":{"self":[{"href":"https:\/\/eurofue.com\/en\/wp-json\/wp\/v2\/posts\/4428","targetHints":{"allow":["GET"]}}],"collection":[{"href":"https:\/\/eurofue.com\/en\/wp-json\/wp\/v2\/posts"}],"about":[{"href":"https:\/\/eurofue.com\/en\/wp-json\/wp\/v2\/types\/post"}],"author":[{"embeddable":true,"href":"https:\/\/eurofue.com\/en\/wp-json\/wp\/v2\/users\/5"}],"replies":[{"embeddable":true,"href":"https:\/\/eurofue.com\/en\/wp-json\/wp\/v2\/comments?post=4428"}],"version-history":[{"count":0,"href":"https:\/\/eurofue.com\/en\/wp-json\/wp\/v2\/posts\/4428\/revisions"}],"wp:featuredmedia":[{"embeddable":true,"href":"https:\/\/eurofue.com\/en\/wp-json\/wp\/v2\/media\/4431"}],"wp:attachment":[{"href":"https:\/\/eurofue.com\/en\/wp-json\/wp\/v2\/media?parent=4428"}],"wp:term":[{"taxonomy":"category","embeddable":true,"href":"https:\/\/eurofue.com\/en\/wp-json\/wp\/v2\/categories?post=4428"},{"taxonomy":"post_tag","embeddable":true,"href":"https:\/\/eurofue.com\/en\/wp-json\/wp\/v2\/tags?post=4428"}],"curies":[{"name":"wp","href":"https:\/\/api.w.org\/{rel}","templated":true}]}}