{"id":4471,"date":"2021-07-28T11:25:40","date_gmt":"2021-07-28T09:25:40","guid":{"rendered":"http:\/\/www.eurofue.articagency.eu\/?p=4471"},"modified":"2021-07-28T11:26:01","modified_gmt":"2021-07-28T09:26:01","slug":"la-fue-uji-hosts-a-week-of-training-for-young-people-and-seniors-of-the-erasmus-cia-project","status":"publish","type":"post","link":"https:\/\/eurofue.com\/en\/la-fue-uji-acoge-una-semana-de-formacion-para-jovenes-y-seniors-del-proyecto-erasmus-cia-project\/","title":{"rendered":"The FUE-UJI hosts a week of training for young people and seniors of the Erasmus+ CIA Project"},"content":{"rendered":"<p>The Erasmus+ project<a href=\"http:\/\/ciaerasmus.eu\/\"> C.I.A. Project<\/a> organizes a training week for international young people and seniors at the FUE-UJI, project coordinator. Between the days<strong> July 5 and 9<\/strong> the <a href=\"http:\/\/www.fue.uji.es\">FUE-UJI<\/a>, has hosted this training activity in Castell\u00f3 that has brought together young people and seniors from Portugal, Spain, Poland, Romania and Turkey. The total of 30 participants in the Erasmus+ project training <a href=\"http:\/\/www.eurofue.articagency.eu\/cia-project\/\">INC<\/a> They have received training for the implementation of Intergenerational Civic Councils in their localities and regions.<\/p>\n<p>Representatives of the different partner organizations of this Erasmus+ project have given the training sessions. In addition to the FUE-UJI, the training has been given by INNETICA also from Spain, the Directorate of Sports and Youth of the County of Brasov from Romania, the S\u00f3jovem das Saibreiras Association from Portugal, Tavsanli Kaymakamligi from Turkey and the Research and Innovation Institute Foundation in Education from Poland.<\/p>\n<p><img fetchpriority=\"high\" decoding=\"async\" class=\"aligncenter wp-image-4472\" src=\"http:\/\/www.eurofue.articagency.eu\/wp-content\/uploads\/2021\/07\/E5nih5BXwAAsjQm.jpg\" alt=\"\" width=\"550\" height=\"254\" srcset=\"https:\/\/eurofue.com\/wp-content\/uploads\/2021\/07\/E5nih5BXwAAsjQm.jpg 2048w, https:\/\/eurofue.com\/wp-content\/uploads\/2021\/07\/E5nih5BXwAAsjQm-300x138.jpg 300w, https:\/\/eurofue.com\/wp-content\/uploads\/2021\/07\/E5nih5BXwAAsjQm-1024x473.jpg 1024w, https:\/\/eurofue.com\/wp-content\/uploads\/2021\/07\/E5nih5BXwAAsjQm-768x354.jpg 768w, https:\/\/eurofue.com\/wp-content\/uploads\/2021\/07\/E5nih5BXwAAsjQm-1536x709.jpg 1536w, https:\/\/eurofue.com\/wp-content\/uploads\/2021\/07\/E5nih5BXwAAsjQm-1080x498.jpg 1080w, https:\/\/eurofue.com\/wp-content\/uploads\/2021\/07\/E5nih5BXwAAsjQm-1280x591.jpg 1280w, https:\/\/eurofue.com\/wp-content\/uploads\/2021\/07\/E5nih5BXwAAsjQm-980x452.jpg 980w, https:\/\/eurofue.com\/wp-content\/uploads\/2021\/07\/E5nih5BXwAAsjQm-480x221.jpg 480w\" sizes=\"(max-width: 550px) 100vw, 550px\" \/><\/p>\n<p>The participants in these <a href=\"http:\/\/www.eurofue.articagency.eu\/el-proyecto-erasmus-cia-publica-su-tercer-boletin-informativo\/\">journeys<\/a> training courses have enjoyed training in activities focused on communication, teamwork, leadership, the implementation of Intergenerational Civic Councils and how to implement and participate in civic actions at the local and regional level.<br \/>\nIn addition to the different training activities, attendees have also enjoyed a series of workshops, linked to the theme of the project for the exchange of experiences between generations. Among them, they have been able to enjoy a visit to the Espaitec facilities, where they have learned about the advisory and mentoring activities for entrepreneurs and young companies led by the Secot organization. They have also visited the Unfinished Museum of Urban Art (MIAU) in Fanzara, through which they have been able to observe how art can unite different generations and thus rekindle the young spirit of rural areas.<\/p>\n<p><img decoding=\"async\" class=\"aligncenter wp-image-4476 lazyload\" data-src=\"http:\/\/www.eurofue.articagency.eu\/wp-content\/uploads\/2021\/07\/E5xS-_cWYAEWAAS.png\" alt=\"\" width=\"422\" height=\"295\" data-srcset=\"https:\/\/eurofue.com\/wp-content\/uploads\/2021\/07\/E5xS-_cWYAEWAAS.png 720w, https:\/\/eurofue.com\/wp-content\/uploads\/2021\/07\/E5xS-_cWYAEWAAS-300x210.png 300w, https:\/\/eurofue.com\/wp-content\/uploads\/2021\/07\/E5xS-_cWYAEWAAS-480x335.png 480w\" data-sizes=\"(max-width: 422px) 100vw, 422px\" src=\"data:image\/svg+xml;base64,PHN2ZyB3aWR0aD0iMSIgaGVpZ2h0PSIxIiB4bWxucz0iaHR0cDovL3d3dy53My5vcmcvMjAwMC9zdmciPjwvc3ZnPg==\" style=\"--smush-placeholder-width: 422px; --smush-placeholder-aspect-ratio: 422\/295;\" \/><\/p>\n<p>After this successful day of <strong>international training<\/strong>, the consortium will continue working on the following project activities to promote the exchange of intergenerational knowledge from old to young and with it the development of new and potential personal and professional skills in both generations, as well as the improvement of personal relationships between generations, which has proven to be especially beneficial for the development of both groups.<\/p>\n<p><img decoding=\"async\" class=\"aligncenter wp-image-4474 lazyload\" data-src=\"http:\/\/www.eurofue.articagency.eu\/wp-content\/uploads\/2021\/07\/E5tN3iVX0AoLxO8.jpg\" alt=\"\" width=\"709\" height=\"532\" data-srcset=\"https:\/\/eurofue.com\/wp-content\/uploads\/2021\/07\/E5tN3iVX0AoLxO8.jpg 2048w, https:\/\/eurofue.com\/wp-content\/uploads\/2021\/07\/E5tN3iVX0AoLxO8-300x225.jpg 300w, https:\/\/eurofue.com\/wp-content\/uploads\/2021\/07\/E5tN3iVX0AoLxO8-1024x768.jpg 1024w, https:\/\/eurofue.com\/wp-content\/uploads\/2021\/07\/E5tN3iVX0AoLxO8-768x576.jpg 768w, https:\/\/eurofue.com\/wp-content\/uploads\/2021\/07\/E5tN3iVX0AoLxO8-1536x1152.jpg 1536w, https:\/\/eurofue.com\/wp-content\/uploads\/2021\/07\/E5tN3iVX0AoLxO8-510x382.jpg 510w, https:\/\/eurofue.com\/wp-content\/uploads\/2021\/07\/E5tN3iVX0AoLxO8-1080x810.jpg 1080w, https:\/\/eurofue.com\/wp-content\/uploads\/2021\/07\/E5tN3iVX0AoLxO8-1280x960.jpg 1280w, https:\/\/eurofue.com\/wp-content\/uploads\/2021\/07\/E5tN3iVX0AoLxO8-980x735.jpg 980w, https:\/\/eurofue.com\/wp-content\/uploads\/2021\/07\/E5tN3iVX0AoLxO8-480x360.jpg 480w\" data-sizes=\"(max-width: 709px) 100vw, 709px\" src=\"data:image\/svg+xml;base64,PHN2ZyB3aWR0aD0iMSIgaGVpZ2h0PSIxIiB4bWxucz0iaHR0cDovL3d3dy53My5vcmcvMjAwMC9zdmciPjwvc3ZnPg==\" style=\"--smush-placeholder-width: 709px; --smush-placeholder-aspect-ratio: 709\/532;\" \/><\/p>","protected":false},"excerpt":{"rendered":"<p>El proyecto Erasmus+ CIA Project organiza una semana formativa para j\u00f3venes y seniors internacionales en la FUE-UJI, coordinador del proyecto. Entre los d\u00edas 5 y 9 de julio la FUE-UJI, ha acogido en Castell\u00f3 esta actividad formativa que ha reunido a j\u00f3venes y seniors de Portugal, Espa\u00f1a, Polonia, Ruman\u00eda y Turqu\u00eda. El total de 30 [&hellip;]<\/p>\n","protected":false},"author":5,"featured_media":4478,"comment_status":"closed","ping_status":"open","sticky":false,"template":"","format":"standard","meta":{"_monsterinsights_skip_tracking":false,"_monsterinsights_sitenote_active":false,"_monsterinsights_sitenote_note":"","_monsterinsights_sitenote_category":0,"_bluesky_dont_syndicate":"","_bluesky_syndication_accounts":"","_bluesky_syndication_text":"","footnotes":""},"categories":[35],"tags":[],"class_list":["post-4471","post","type-post","status-publish","format-standard","has-post-thumbnail","hentry","category-proyecto-cia"],"_links":{"self":[{"href":"https:\/\/eurofue.com\/en\/wp-json\/wp\/v2\/posts\/4471","targetHints":{"allow":["GET"]}}],"collection":[{"href":"https:\/\/eurofue.com\/en\/wp-json\/wp\/v2\/posts"}],"about":[{"href":"https:\/\/eurofue.com\/en\/wp-json\/wp\/v2\/types\/post"}],"author":[{"embeddable":true,"href":"https:\/\/eurofue.com\/en\/wp-json\/wp\/v2\/users\/5"}],"replies":[{"embeddable":true,"href":"https:\/\/eurofue.com\/en\/wp-json\/wp\/v2\/comments?post=4471"}],"version-history":[{"count":0,"href":"https:\/\/eurofue.com\/en\/wp-json\/wp\/v2\/posts\/4471\/revisions"}],"wp:featuredmedia":[{"embeddable":true,"href":"https:\/\/eurofue.com\/en\/wp-json\/wp\/v2\/media\/4478"}],"wp:attachment":[{"href":"https:\/\/eurofue.com\/en\/wp-json\/wp\/v2\/media?parent=4471"}],"wp:term":[{"taxonomy":"category","embeddable":true,"href":"https:\/\/eurofue.com\/en\/wp-json\/wp\/v2\/categories?post=4471"},{"taxonomy":"post_tag","embeddable":true,"href":"https:\/\/eurofue.com\/en\/wp-json\/wp\/v2\/tags?post=4471"}],"curies":[{"name":"wp","href":"https:\/\/api.w.org\/{rel}","templated":true}]}}